{"id":18984,"date":"2025-08-21T20:03:25","date_gmt":"2025-08-22T00:03:25","guid":{"rendered":"https:\/\/agromt.news\/?p=18984"},"modified":"2025-08-21T20:03:25","modified_gmt":"2025-08-22T00:03:25","slug":"producao-de-abacate-cresce-91-em-area-no-parana","status":"publish","type":"post","link":"https:\/\/agromt.news\/?p=18984","title":{"rendered":"Produ\u00e7\u00e3o de abacate cresce 91% em \u00e1rea no Paran\u00e1"},"content":{"rendered":"<p> <br \/>\n<br \/><img decoding=\"async\" src=\"https:\/\/agromt.news\/wp-content\/uploads\/2025\/03\/Conheca-os-cursos-on-line-gratuitos-disponibilizados-pela-Embrapa.jpg\" \/><\/p>\n<div>\n<p>Em 9 anos, a produ\u00e7\u00e3o de abacate no Paran\u00e1 aumentou 91% em \u00e1rea e 60,9% em colheita. Os dados foram divulgados no Boletim de Conjuntura Agropecu\u00e1ria, publicado nesta quinta-feira (21) pelo Departamento de Economia Rural (<a href=\"https:\/\/www.canalrural.com.br\/tag\/deral\/\">Deral<\/a>), da Secretaria de Estado da Agricultura e do Abastecimento (<a href=\"https:\/\/www.canalrural.com.br\/tag\/seab\/\">Seab<\/a>).<\/p>\n<p>Segundo o boletim, em 2014, a produ\u00e7\u00e3o foi de 22,2 mil toneladas plantadas em uma \u00e1rea de pouco mais de mil hectares, com Valor Bruto de Produ\u00e7\u00e3o (<a href=\"https:\/\/www.canalrural.com.br\/tag\/vbp\/\">VBP<\/a>) R$ 55,6 milh\u00f5es.<\/p>\n<p>J\u00e1 a produ\u00e7\u00e3o em 2023 alcan\u00e7ou 35,8 mil toneladas em uma \u00e1rea de 2 mil hectares, que gerou um VBP de R$ 89,7 milh\u00f5es. Isso representou 2,6% da fruticultura estadual.\u00a0<\/p>\n<p>Os levantamentos de 2024 j\u00e1 indicam um aumento na produ\u00e7\u00e3o de abacate no Paran\u00e1, que ser\u00e3o confirmadas na publica\u00e7\u00e3o dos n\u00fameros oficiais no final do m\u00eas.<\/p>\n<\/div>\n<div>\n<p>A regi\u00e3o norte do estado se destaca na produ\u00e7\u00e3o, sendo o munic\u00edpio de Apucarana o maior produtor da fruta, representando 88,1% da produ\u00e7\u00e3o estadual. Arapongas e Assa\u00ed seguem como segundo e terceiro maiores produtores, representando 7,3% e 6,7% das produ\u00e7\u00f5es estaduais, respectivamente.<\/p>\n<p>O engenheiro agr\u00f4nomo do Deral, Paulo Andrade, explica o motivo do aumento na produ\u00e7\u00e3o do abacate. \u201cA fruta, antes vista como mal\u00e9fica \u00e0s quest\u00f5es nutricionais, hoje est\u00e1 comprovadamente como um superalimento funcional, contribuindo para as melhorias da sa\u00fade p\u00fablica\u201d, esclarece.<\/p>\n<p>Segundo Andrade, a exporta\u00e7\u00e3o da fruta no Brasil tamb\u00e9m tem crescido cada vez mais, sendo o pa\u00eds o s\u00e9timo produtor mundial e respons\u00e1vel por 4% dessa produ\u00e7\u00e3o.<\/p>\n<p>\u201cDentre as frutas exportadas pelo Brasil, o abacate \u00e9 a oitava em volume, representando receitas de 36 milh\u00f5es de d\u00f3lares para embarques de 24 mil toneladas\u201d conta.<\/p>\n<p><em>*Sob supervis\u00e3o de Victor Faverin<\/em><\/p>\n<\/p><\/div>\n<p><br \/>\n<br \/><a href=\"https:\/\/www.canalrural.com.br\/agricultura\/producao-de-abacate-cresce-91-em-area-no-parana\/\">Source link <\/a><\/p>\n","protected":false},"excerpt":{"rendered":"<p>Em 9 anos, a produ\u00e7\u00e3o de abacate no Paran\u00e1 aumentou 91% em \u00e1rea e 60,9% em colheita. Os dados foram<\/p>\n","protected":false},"author":1,"featured_media":18985,"comment_status":"open","ping_status":"open","sticky":false,"template":"","format":"standard","meta":{"_monsterinsights_skip_tracking":false,"_monsterinsights_sitenote_active":false,"_monsterinsights_sitenote_note":"","_monsterinsights_sitenote_category":0,"_uf_show_specific_survey":0,"_uf_disable_surveys":false,"footnotes":""},"categories":[1],"tags":[],"class_list":["post-18984","post","type-post","status-publish","format-standard","has-post-thumbnail","hentry","category-news"],"_links":{"self":[{"href":"https:\/\/agromt.news\/index.php?rest_route=\/wp\/v2\/posts\/18984"}],"collection":[{"href":"https:\/\/agromt.news\/index.php?rest_route=\/wp\/v2\/posts"}],"about":[{"href":"https:\/\/agromt.news\/index.php?rest_route=\/wp\/v2\/types\/post"}],"author":[{"embeddable":true,"href":"https:\/\/agromt.news\/index.php?rest_route=\/wp\/v2\/users\/1"}],"replies":[{"embeddable":true,"href":"https:\/\/agromt.news\/index.php?rest_route=%2Fwp%2Fv2%2Fcomments&post=18984"}],"version-history":[{"count":0,"href":"https:\/\/agromt.news\/index.php?rest_route=\/wp\/v2\/posts\/18984\/revisions"}],"wp:featuredmedia":[{"embeddable":true,"href":"https:\/\/agromt.news\/index.php?rest_route=\/wp\/v2\/media\/18985"}],"wp:attachment":[{"href":"https:\/\/agromt.news\/index.php?rest_route=%2Fwp%2Fv2%2Fmedia&parent=18984"}],"wp:term":[{"taxonomy":"category","embeddable":true,"href":"https:\/\/agromt.news\/index.php?rest_route=%2Fwp%2Fv2%2Fcategories&post=18984"},{"taxonomy":"post_tag","embeddable":true,"href":"https:\/\/agromt.news\/index.php?rest_route=%2Fwp%2Fv2%2Ftags&post=18984"}],"curies":[{"name":"wp","href":"https:\/\/api.w.org\/{rel}","templated":true}]}}