{"id":18976,"date":"2025-08-21T17:32:18","date_gmt":"2025-08-21T21:32:18","guid":{"rendered":"https:\/\/agromt.news\/?p=18976"},"modified":"2025-08-21T17:32:18","modified_gmt":"2025-08-21T21:32:18","slug":"federarroz-indica-a-produtor-participar-de-contrato-de-opcao-de-venda-do-governo","status":"publish","type":"post","link":"https:\/\/agromt.news\/?p=18976","title":{"rendered":"Federarroz indica a produtor participar de Contrato de Op\u00e7\u00e3o de Venda do governo"},"content":{"rendered":"<p> <br \/>\n<br \/><img decoding=\"async\" src=\"https:\/\/agromt.news\/wp-content\/uploads\/2024\/09\/Industria-lanca-primeiro-arroz-rastreado-com-tecnologia-da-Embrapa.jpg\" \/><\/p>\n<div>\n<p>A Federa\u00e7\u00e3o das Associa\u00e7\u00f5es de Arrozeiros do Estado do Rio Grande do Sul (Federarroz) aconselhou nesta quinta-feira (21), em nota, que os produtores ga\u00fachos do cereal participem do novo Contrato de Op\u00e7\u00e3o e Venda P\u00fablico lan\u00e7ado pelo governo federal.<\/p>\n<p>A recomenda\u00e7\u00e3o surge diante da crise enfrentada pelo setor, caracterizada por alta produ\u00e7\u00e3o e pre\u00e7os que n\u00e3o cobrem os custos de produ\u00e7\u00e3o, lembra a entidade no comunicado. A Portaria Interministerial Mapa\/MF\/MDA n\u00ba 26\/2025, divulgada em 20 de agosto, estabelece as diretrizes para este contrato, referente ao arroz longo fino em casca, tipo 1, safra 2024\/25.<\/p>\n<\/div>\n<div>\n<p>A Federarroz argumenta que a ades\u00e3o a essa pol\u00edtica pode equilibrar a oferta no mercado, facilitar a sobreviv\u00eancia dos produtores e criar condi\u00e7\u00f5es para a continuidade da atividade na pr\u00f3xima safra. A entidade destaca ainda a import\u00e2ncia estrat\u00e9gica da medida para a seguran\u00e7a alimentar da popula\u00e7\u00e3o.<\/p>\n<\/p><\/div>\n<p><br \/>\n<br \/><a href=\"https:\/\/www.canalrural.com.br\/agricultura\/federarroz-indica-a-produtor-participar-de-contrato-de-opcao-de-venda-do-governo\/\">Source link <\/a><\/p>\n","protected":false},"excerpt":{"rendered":"<p>A Federa\u00e7\u00e3o das Associa\u00e7\u00f5es de Arrozeiros do Estado do Rio Grande do Sul (Federarroz) aconselhou nesta quinta-feira (21), em nota,<\/p>\n","protected":false},"author":1,"featured_media":1015,"comment_status":"open","ping_status":"open","sticky":false,"template":"","format":"standard","meta":{"_monsterinsights_skip_tracking":false,"_monsterinsights_sitenote_active":false,"_monsterinsights_sitenote_note":"","_monsterinsights_sitenote_category":0,"_uf_show_specific_survey":0,"_uf_disable_surveys":false,"footnotes":""},"categories":[1],"tags":[],"class_list":["post-18976","post","type-post","status-publish","format-standard","has-post-thumbnail","hentry","category-news"],"_links":{"self":[{"href":"https:\/\/agromt.news\/index.php?rest_route=\/wp\/v2\/posts\/18976"}],"collection":[{"href":"https:\/\/agromt.news\/index.php?rest_route=\/wp\/v2\/posts"}],"about":[{"href":"https:\/\/agromt.news\/index.php?rest_route=\/wp\/v2\/types\/post"}],"author":[{"embeddable":true,"href":"https:\/\/agromt.news\/index.php?rest_route=\/wp\/v2\/users\/1"}],"replies":[{"embeddable":true,"href":"https:\/\/agromt.news\/index.php?rest_route=%2Fwp%2Fv2%2Fcomments&post=18976"}],"version-history":[{"count":0,"href":"https:\/\/agromt.news\/index.php?rest_route=\/wp\/v2\/posts\/18976\/revisions"}],"wp:featuredmedia":[{"embeddable":true,"href":"https:\/\/agromt.news\/index.php?rest_route=\/wp\/v2\/media\/1015"}],"wp:attachment":[{"href":"https:\/\/agromt.news\/index.php?rest_route=%2Fwp%2Fv2%2Fmedia&parent=18976"}],"wp:term":[{"taxonomy":"category","embeddable":true,"href":"https:\/\/agromt.news\/index.php?rest_route=%2Fwp%2Fv2%2Fcategories&post=18976"},{"taxonomy":"post_tag","embeddable":true,"href":"https:\/\/agromt.news\/index.php?rest_route=%2Fwp%2Fv2%2Ftags&post=18976"}],"curies":[{"name":"wp","href":"https:\/\/api.w.org\/{rel}","templated":true}]}}