{"id":18975,"date":"2025-08-21T17:18:42","date_gmt":"2025-08-21T21:18:42","guid":{"rendered":"https:\/\/agromt.news\/?p=18975"},"modified":"2025-08-21T17:18:42","modified_gmt":"2025-08-21T21:18:42","slug":"camara-aprova-urgencia-para-isencao-do-ir-de-quem-ganha-ate-r-5-mil","status":"publish","type":"post","link":"https:\/\/agromt.news\/?p=18975","title":{"rendered":"C\u00e2mara aprova urg\u00eancia para isen\u00e7\u00e3o do IR de quem ganha at\u00e9 R$ 5 mil"},"content":{"rendered":"<p> <br \/>\n<br \/><img decoding=\"async\" src=\"https:\/\/agromt.news\/wp-content\/uploads\/2025\/03\/Confira-as-cotacoes-da-soja-em-dia-de-divulgacao-do.jpg\" \/><\/p>\n<div>\n<p>A C\u00e2mara dos Deputados aprovou nesta quinta-feira (21), por unanimidade, o requerimento de urg\u00eancia do projeto de lei (PL) que traz isen\u00e7\u00e3o do Imposto de Renda (IR) quem ganha at\u00e9 R$ 5 mil. A mat\u00e9ria prev\u00ea tamb\u00e9m redu\u00e7\u00e3o parcial do imposto para quem recebe entre R$ 5 mil e R$ 7.350.<\/p>\n<p>De autoria do governo federal, o PL 1.087 de 2025 \u00e9 relatado pelo deputado Arthur Lira (PP-AL). Para compensar a perda de arrecada\u00e7\u00e3o, o texto j\u00e1 aprovado em comiss\u00e3o especial da C\u00e2mara prev\u00ea uma al\u00edquota extra progressiva de at\u00e9 10% para quem ganha acima de R$ 600 mil por ano, ou R$ 50 mil por m\u00eas.<\/p>\n<p>Estudo do Departamento Intersindical de Estat\u00edstica e Estudos Socioecon\u00f4micos (Dieese) estima que a mudan\u00e7a pode ampliar de 10 milh\u00f5es para 20 milh\u00f5es o total de trabalhadores isentos do IR. <\/p>\n<p>J\u00e1 a redu\u00e7\u00e3o parcial do imposto para quem ganha at\u00e9 R$ 7,3 mil deve alcan\u00e7ar 16 milh\u00f5es de pessoas. Atualmente, \u00e9 isento do IR quem ganha at\u00e9 dois sal\u00e1rios m\u00ednimos (R$ 3.036 por m\u00eas).<\/p>\n<p>A deputada federal Jack Rocha (PT-ES) argumentou que a medida faz justi\u00e7a social com os trabalhadores.<\/p>\n<p>\u201cChega de este Parlamento dar incentivos para grandes empresas, para bets, para bilion\u00e1rios, sempre falando que esse \u00e9 o verdadeiro investimento no Brasil. O verdadeiro investimento no Brasil \u00e9 quando n\u00f3s conseguimos aprovar a isen\u00e7\u00e3o do Imposto de Renda para quem ganha at\u00e9 R$ 5 mil\u201d, destacou na tribuna.<\/p>\n<h2 class=\"wp-block-heading\" id=\"h-divergencias-de-lado\">Diverg\u00eancias de lado<\/h2>\n<p>A vota\u00e7\u00e3o foi elogiada pelo l\u00edder do PP, deputado Doutor Luizinho (RJ), que pediu que os partidos deixem diverg\u00eancias de lado para trabalhar por medidas como essa.<\/p>\n<p>\u201c\u00c9 muito importante que a gente aqui no Parlamento deixe de lado os problemas pol\u00edticos. Trabalhar a favor do pa\u00eds, a favor da popula\u00e7\u00e3o brasileira, presidente, sob o seu comando. Sem d\u00favida nenhuma, tem a nossa legitimidade para a gente continuar trabalhando em prol do Brasil, e n\u00e3o em prol da pol\u00edtica\u201d, comentou.<\/p>\n<\/div>\n<div>\n<p>O l\u00edder do MDB, deputado Isnaldo Bulh\u00f5es Jr. (AL), disse que essa \u00e9 uma das agendas mais importantes do ano.<\/p>\n<p>\u201c\u00c9 uma corre\u00e7\u00e3o hist\u00f3rica. A tabela do Imposto de Renda vem h\u00e1 anos sem ser corrigida nem pela infla\u00e7\u00e3o. Agora, o presidente <strong><a href=\"https:\/\/www.canalrural.com.br\/tag\/lula\/\">Lula<\/a><\/strong>, por interm\u00e9dio desse projeto de lei, cumpre um compromisso de campanha e corrige as injusti\u00e7as feitas pelo governo anterior\u201d, disse.<\/p>\n<p>A oposi\u00e7\u00e3o, que vinha questionando as mudan\u00e7as no IR, orientou o voto favor\u00e1vel, como explicou o l\u00edder do PL, deputado Cabo Gilberto Silva (PB).<\/p>\n<p>\u201cN\u00f3s iremos votar favor\u00e1veis porque a gente n\u00e3o pode estar com um discurso e jogando para a plateia. Quando chega um projeto interessante para o povo brasileiro, n\u00f3s votaremos sim\u201d, disse o parlamentar.<\/p>\n<p>O presidente da C\u00e2mara, Hugo Motta (Republicanos-PB), destacou que a pauta \u00e9 importante e que vai definir, junto com os demais l\u00edderes, a data para votar o m\u00e9rito do projeto de isen\u00e7\u00e3o. Se aprovado na C\u00e2mara, o texto seguir\u00e1 para an\u00e1lise do Senado.<\/p>\n<h2 class=\"wp-block-heading\" id=\"h-aliquota-aos-mais-ricos\">Al\u00edquota aos mais ricos<\/h2>\n<p>A al\u00edquota extra m\u00e1xima de 10% ser\u00e1 cobrada de quem ganha a partir de R$ 1,2 milh\u00e3o por ano, ou R$ 100 mil por m\u00eas. O relator tamb\u00e9m manteve a tributa\u00e7\u00e3o de 10% sobre dividendos enviados ao exterior prevista no projeto original do Executivo.<\/p>\n<p>Os dividendos s\u00e3o a parcela do lucro que as empresas pagam aos acionistas e, desde a d\u00e9cada de 1990, s\u00e3o isentos de IR. Por\u00e9m, o parlamentar instituiu tr\u00eas exce\u00e7\u00f5es \u00e0 cobran\u00e7a sobre dividendos: quando remetidos para governos estrangeiros, desde que haja reciprocidade de tratamento, remessas a fundos soberanos e remessas a entidades no exterior que administrem benef\u00edcios previdenci\u00e1rios.<\/p>\n<h2 class=\"wp-block-heading\" id=\"h-medidas-compensatorias-a-isencao\">Medidas compensat\u00f3rias \u00e0 isen\u00e7\u00e3o<\/h2>\n<p>A proposta tamb\u00e9m prev\u00ea mecanismos de compensa\u00e7\u00e3o de poss\u00edveis perdas de arrecada\u00e7\u00e3o do Imposto de Renda para estados e munic\u00edpios e o Distrito Federal.<\/p>\n<p>Pelos c\u00e1lculos apresentados no projeto, o governo federal conseguir\u00e1, entre 2026 e 2028, uma receita com super\u00e1vit de cerca de R$ 12,27 bilh\u00f5es, valor que dever\u00e1 ser usado para compensar, caso haja, perdas de estados, do Distrito Federal e de munic\u00edpios em raz\u00e3o da redu\u00e7\u00e3o da arrecada\u00e7\u00e3o do Imposto de Renda incidente sobre os rendimentos de seus pr\u00f3prios servidores.<\/p>\n<\/p><\/div>\n<p><br \/>\n<br \/><a href=\"https:\/\/www.canalrural.com.br\/economia\/camara-aprova-urgencia-para-isencao-do-ir-de-quem-ganha-ate-r-5-mil\/\">Source link <\/a><\/p>\n","protected":false},"excerpt":{"rendered":"<p>A C\u00e2mara dos Deputados aprovou nesta quinta-feira (21), por unanimidade, o requerimento de urg\u00eancia do projeto de lei (PL) que<\/p>\n","protected":false},"author":1,"featured_media":10814,"comment_status":"open","ping_status":"open","sticky":false,"template":"","format":"standard","meta":{"_monsterinsights_skip_tracking":false,"_monsterinsights_sitenote_active":false,"_monsterinsights_sitenote_note":"","_monsterinsights_sitenote_category":0,"_uf_show_specific_survey":0,"_uf_disable_surveys":false,"footnotes":""},"categories":[1],"tags":[],"class_list":["post-18975","post","type-post","status-publish","format-standard","has-post-thumbnail","hentry","category-news"],"_links":{"self":[{"href":"https:\/\/agromt.news\/index.php?rest_route=\/wp\/v2\/posts\/18975"}],"collection":[{"href":"https:\/\/agromt.news\/index.php?rest_route=\/wp\/v2\/posts"}],"about":[{"href":"https:\/\/agromt.news\/index.php?rest_route=\/wp\/v2\/types\/post"}],"author":[{"embeddable":true,"href":"https:\/\/agromt.news\/index.php?rest_route=\/wp\/v2\/users\/1"}],"replies":[{"embeddable":true,"href":"https:\/\/agromt.news\/index.php?rest_route=%2Fwp%2Fv2%2Fcomments&post=18975"}],"version-history":[{"count":0,"href":"https:\/\/agromt.news\/index.php?rest_route=\/wp\/v2\/posts\/18975\/revisions"}],"wp:featuredmedia":[{"embeddable":true,"href":"https:\/\/agromt.news\/index.php?rest_route=\/wp\/v2\/media\/10814"}],"wp:attachment":[{"href":"https:\/\/agromt.news\/index.php?rest_route=%2Fwp%2Fv2%2Fmedia&parent=18975"}],"wp:term":[{"taxonomy":"category","embeddable":true,"href":"https:\/\/agromt.news\/index.php?rest_route=%2Fwp%2Fv2%2Fcategories&post=18975"},{"taxonomy":"post_tag","embeddable":true,"href":"https:\/\/agromt.news\/index.php?rest_route=%2Fwp%2Fv2%2Ftags&post=18975"}],"curies":[{"name":"wp","href":"https:\/\/api.w.org\/{rel}","templated":true}]}}