{"id":18953,"date":"2025-08-21T14:36:19","date_gmt":"2025-08-21T18:36:19","guid":{"rendered":"https:\/\/agromt.news\/?p=18953"},"modified":"2025-08-21T14:36:19","modified_gmt":"2025-08-21T18:36:19","slug":"ministro-do-trabalho-minimiza-impacto-do-tarifaco-nos-empregos","status":"publish","type":"post","link":"https:\/\/agromt.news\/?p=18953","title":{"rendered":"Ministro do Trabalho minimiza impacto do tarifa\u00e7o nos empregos"},"content":{"rendered":"<p> <br \/>\n<br \/><img decoding=\"async\" src=\"https:\/\/agromt.news\/wp-content\/uploads\/2025\/08\/Ministro-do-Trabalho-minimiza-impacto-do-tarifaco-nos-empregos.jpg\" \/><\/p>\n<div>\n<p>Poucas empresas brasileiras levar\u00e3o sua linha de montagem para os Estados Unidos, como forma de amenizar os impactos do tarifa\u00e7o do governo norte-americano contra produtos brasileiros. A avalia\u00e7\u00e3o \u00e9 do ministro do Trabalho e Emprego, Luiz Marinho. <\/p>\n<p>Para ele, nesse caso, os efeitos negativos para o mercado de trabalho do pa\u00eds ser\u00e3o diminutos.<\/p>\n<p>J\u00e1 no pior dos cen\u00e1rios projetados, tendo como base uma pesquisa do Banco Nacional do Desenvolvimento Econ\u00f4mico e Social <strong><a href=\"https:\/\/www.canalrural.com.br\/tag\/bndes\/\">(BNDES)<\/a><\/strong>, a redu\u00e7\u00e3o das vagas de emprego seria de, no m\u00e1ximo, 320 mil em um total estocado de 48 milh\u00f5es de empregos.<\/p>\n<p>\u201cConvenhamos: n\u00e3o seria o desastre total\u201d, disse Marinho, ao reiterar que este seria o cen\u00e1rio \u201ccaso absolutamente tudo desse errado\u201d. A afirma\u00e7\u00e3o foi feita nesta quinta-feira (21) durante o programa Bom Dia, Ministro, produzido pela Empresa Brasil de Comunica\u00e7\u00e3o (EBC).<\/p>\n<p>Um dos objetivos do tarifa\u00e7o aplicado pelo presidente dos Estados Unidos, Donald Trump, contra produtos importados \u00e9 o de estimular empresas a se instalarem em territ\u00f3rio norte-americano, gerando empregos e riquezas \u00e0quele pa\u00eds.<\/p>\n<h2 class=\"wp-block-heading\" id=\"h-compradores-substitutos\">Compradores substitutos<\/h2>\n<p>Marinho disse que, nas viagens que ele e o presidente Luiz In\u00e1cio Lula da Silva t\u00eam feito, ouviu depoimentos de empres\u00e1rios que informaram ter encontrado compradores substitutos, para escoarem a produ\u00e7\u00e3o que estava destinada aos Estados Unidos.<\/p>\n<p>\u201cO empres\u00e1rio tem de olhar o mercado; um mercado secund\u00e1rio ou outro comprador. Pode ser que o outro pa\u00eds n\u00e3o v\u00e1 querer, eventualmente, pagar o mesmo pre\u00e7o pago pelos norte-americanos. Mas muitas vezes \u00e9 prefer\u00edvel voc\u00ea ter o menor resultado do que ter um preju\u00edzo\u201d. acrescentou.<\/p>\n<\/div>\n<div>\n<p>Ele lembrou que as compras p\u00fablicas ajudar\u00e3o, em especial, o setor de produtos aliment\u00edcios destinados a hospitais, merendas escolares e pres\u00eddios, por exemplo.<\/p>\n<h2 class=\"wp-block-heading\" id=\"h-atencao-especial\">Aten\u00e7\u00e3o especial<\/h2>\n<p>Segundo o ministro, o governo dar\u00e1 aten\u00e7\u00e3o especial aos setores mais afetados por produzirem essencialmente para o mercado norte-americano.<\/p>\n<p>\u201cEvidentemente alguns setores ser\u00e3o fortemente atingidos. Outros ser\u00e3o levemente atingidos ou n\u00e3o ser\u00e3o atingidos porque produzem essencialmente para outros mercados ou para o mercado brasileiro\u201d, disse.<\/p>\n<p>Perguntado sobre o risco de as empresas levarem linhas de montagem para os EUA, a fim de amenizar os impactos do tarifa\u00e7o, ele disse que n\u00e3o v\u00ea \u201c\u201dum movimento grande em rela\u00e7\u00e3o a isso\u201d, e que, nesse caso, \u201co impacto ao mercado de trabalho ser\u00e1 diminuto\u201d, at\u00e9 porque economia e mercado de trabalho vivem um bom momento no Brasil.<\/p>\n<p>\u201cCom as medidas e iniciativas que o governo est\u00e1 tomando e com o di\u00e1logo com o empresariado brasileiro, daremos conta de passar esse processo. E o Brasil sair\u00e1 mais forte depois desse processo\u201d, complementou.<\/p>\n<\/p><\/div>\n<p><br \/>\n<br \/><a href=\"https:\/\/www.canalrural.com.br\/economia\/ministro-do-trabalho-minimiza-impacto-do-tarifaco-nos-empregos\/\">Source link <\/a><\/p>\n","protected":false},"excerpt":{"rendered":"<p>Poucas empresas brasileiras levar\u00e3o sua linha de montagem para os Estados Unidos, como forma de amenizar os impactos do tarifa\u00e7o<\/p>\n","protected":false},"author":1,"featured_media":18954,"comment_status":"open","ping_status":"open","sticky":false,"template":"","format":"standard","meta":{"_monsterinsights_skip_tracking":false,"_monsterinsights_sitenote_active":false,"_monsterinsights_sitenote_note":"","_monsterinsights_sitenote_category":0,"_uf_show_specific_survey":0,"_uf_disable_surveys":false,"footnotes":""},"categories":[1],"tags":[],"class_list":["post-18953","post","type-post","status-publish","format-standard","has-post-thumbnail","hentry","category-news"],"_links":{"self":[{"href":"https:\/\/agromt.news\/index.php?rest_route=\/wp\/v2\/posts\/18953"}],"collection":[{"href":"https:\/\/agromt.news\/index.php?rest_route=\/wp\/v2\/posts"}],"about":[{"href":"https:\/\/agromt.news\/index.php?rest_route=\/wp\/v2\/types\/post"}],"author":[{"embeddable":true,"href":"https:\/\/agromt.news\/index.php?rest_route=\/wp\/v2\/users\/1"}],"replies":[{"embeddable":true,"href":"https:\/\/agromt.news\/index.php?rest_route=%2Fwp%2Fv2%2Fcomments&post=18953"}],"version-history":[{"count":0,"href":"https:\/\/agromt.news\/index.php?rest_route=\/wp\/v2\/posts\/18953\/revisions"}],"wp:featuredmedia":[{"embeddable":true,"href":"https:\/\/agromt.news\/index.php?rest_route=\/wp\/v2\/media\/18954"}],"wp:attachment":[{"href":"https:\/\/agromt.news\/index.php?rest_route=%2Fwp%2Fv2%2Fmedia&parent=18953"}],"wp:term":[{"taxonomy":"category","embeddable":true,"href":"https:\/\/agromt.news\/index.php?rest_route=%2Fwp%2Fv2%2Fcategories&post=18953"},{"taxonomy":"post_tag","embeddable":true,"href":"https:\/\/agromt.news\/index.php?rest_route=%2Fwp%2Fv2%2Ftags&post=18953"}],"curies":[{"name":"wp","href":"https:\/\/api.w.org\/{rel}","templated":true}]}}