{"id":18951,"date":"2025-08-21T14:19:58","date_gmt":"2025-08-21T18:19:58","guid":{"rendered":"https:\/\/agromt.news\/?p=18951"},"modified":"2025-08-21T14:19:58","modified_gmt":"2025-08-21T18:19:58","slug":"exportacoes-de-maquinas-agricolas-aos-eua-podem-ganhar-alivio-parcial","status":"publish","type":"post","link":"https:\/\/agromt.news\/?p=18951","title":{"rendered":"Exporta\u00e7\u00f5es de m\u00e1quinas agr\u00edcolas aos EUA podem ganhar al\u00edvio parcial"},"content":{"rendered":"<p> <br \/>\n<br \/><img decoding=\"async\" src=\"https:\/\/agromt.news\/wp-content\/uploads\/2025\/08\/Exportacoes-de-maquinas-agricolas-aos-EUA-podem-ganhar-alivio-parcial.jpeg\" \/><\/p>\n<div>\n<p>Produtos derivados de a\u00e7o e alum\u00ednio, incluindo m\u00e1quinas agr\u00edcolas, ter\u00e3o redu\u00e7\u00e3o nas tarifas aplicadas pelos Estados Unidos. O an\u00fancio foi feito pelo vice-presidente e ministro do Desenvolvimento, Ind\u00fastria, Com\u00e9rcio e Servi\u00e7os, Geraldo Alckmin, nesta quarta-feira (20). A medida representa um al\u00edvio de US$ 2,6 bilh\u00f5es nas exporta\u00e7\u00f5es brasileiras do setor.<\/p>\n<p>Alckmin participou de uma reuni\u00e3o com o presidente da C\u00e2mara dos Deputados, Hugo Motta (Republicanos-PB), para defender propostas de apoio a exportadores afetados pelo tarifa\u00e7o. O governo pediu, tamb\u00e9m, a urg\u00eancia na tramita\u00e7\u00e3o de uma medida provis\u00f3ria que cria o Plano Brasil Soberano. <\/p>\n<p>O pedido inclui ainda um projeto de lei complementar com incentivos tribut\u00e1rios, incluindo linha de cr\u00e9dito de R$ 30 bilh\u00f5es e ajustes em fundos garantidores.<\/p>\n<h3 class=\"wp-block-heading\" id=\"h-vendas-de-maquinas-agricolas-em-xeque\">Vendas de m\u00e1quinas agr\u00edcolas em xeque<\/h3>\n<p>O com\u00e9rcio de m\u00e1quinas agr\u00edcolas entre Brasil e Estados Unidos \u00e9 significativo, sendo o pa\u00eds o principal destino das exporta\u00e7\u00f5es brasileiras do setor. Segundo dados da Associa\u00e7\u00e3o Brasileira da Ind\u00fastria de M\u00e1quinas e Equipamentos (<a href=\"https:\/\/abimaq.org.br\/\">Abimaq<\/a>), os norte-americanos recebem 26,6% do total exportado.<\/p>\n<\/div>\n<div>\n<p>Na avalia\u00e7\u00e3o da entidade, as al\u00edquotas de 50% sobre as importa\u00e7\u00f5es feitas pelos norte-americanos podem levar a uma retra\u00e7\u00e3o de R$ 24 bilh\u00f5es por ano \u00e0 ind\u00fastria de m\u00e1quinas e equipamentos. Como resultado, esse cen\u00e1rio, de acordo com a Abimaq, reduziria o crescimento em 2025 para 5%, provocando uma queda de 15,1% nas exporta\u00e7\u00f5es.<\/p>\n<p>Para efeitos de compara\u00e7\u00e3o, em junho, as exporta\u00e7\u00f5es de m\u00e1quinas agr\u00edcolas somaram US$ 1,05 bilh\u00e3o, alta de 14,5% em rela\u00e7\u00e3o a junho de 2024. No acumulado do primeiro semestre, entretanto, houve retra\u00e7\u00e3o de 4,3%. O impacto veio principalmente do recuo nos pre\u00e7os internacionais e pela baixa demanda do pa\u00eds governado por <a href=\"https:\/\/www.canalrural.com.br\/tag\/donald-trump\/\">Donald Trump<\/a>.<\/p>\n<h3 class=\"wp-block-heading\" id=\"h-negociacoes-com-os-eua-travadas\">Negocia\u00e7\u00f5es com os EUA travadas<\/h3>\n<p>Apesar disso, o assessor especial para assuntos internacionais do presidente, Celso Amorim, afirmou que os Estados Unidos n\u00e3o demonstram disposi\u00e7\u00e3o para negociar as diverg\u00eancias comerciais com o Brasil.\u00a0<\/p>\n<p>Ontem, durante audi\u00eancia na Comiss\u00e3o de Rela\u00e7\u00f5es Exteriores da C\u00e2mara, Amorim destacou que a postura estadunidense coloca em xeque o sistema multilateral de com\u00e9rcio e criticou a mistura de quest\u00f5es pol\u00edticas internas com tarifas comerciais.<\/p>\n<\/p><\/div>\n<p><br \/>\n<br \/><a href=\"https:\/\/www.canalrural.com.br\/agricultura\/agronegocio\/exportacoes-de-maquinas-agricolas-aos-eua-podem-ganhar-alivio-parcial\/\">Source link <\/a><\/p>\n","protected":false},"excerpt":{"rendered":"<p>Produtos derivados de a\u00e7o e alum\u00ednio, incluindo m\u00e1quinas agr\u00edcolas, ter\u00e3o redu\u00e7\u00e3o nas tarifas aplicadas pelos Estados Unidos. O an\u00fancio foi<\/p>\n","protected":false},"author":1,"featured_media":18952,"comment_status":"open","ping_status":"open","sticky":false,"template":"","format":"standard","meta":{"_monsterinsights_skip_tracking":false,"_monsterinsights_sitenote_active":false,"_monsterinsights_sitenote_note":"","_monsterinsights_sitenote_category":0,"_uf_show_specific_survey":0,"_uf_disable_surveys":false,"footnotes":""},"categories":[1],"tags":[],"class_list":["post-18951","post","type-post","status-publish","format-standard","has-post-thumbnail","hentry","category-news"],"_links":{"self":[{"href":"https:\/\/agromt.news\/index.php?rest_route=\/wp\/v2\/posts\/18951"}],"collection":[{"href":"https:\/\/agromt.news\/index.php?rest_route=\/wp\/v2\/posts"}],"about":[{"href":"https:\/\/agromt.news\/index.php?rest_route=\/wp\/v2\/types\/post"}],"author":[{"embeddable":true,"href":"https:\/\/agromt.news\/index.php?rest_route=\/wp\/v2\/users\/1"}],"replies":[{"embeddable":true,"href":"https:\/\/agromt.news\/index.php?rest_route=%2Fwp%2Fv2%2Fcomments&post=18951"}],"version-history":[{"count":0,"href":"https:\/\/agromt.news\/index.php?rest_route=\/wp\/v2\/posts\/18951\/revisions"}],"wp:featuredmedia":[{"embeddable":true,"href":"https:\/\/agromt.news\/index.php?rest_route=\/wp\/v2\/media\/18952"}],"wp:attachment":[{"href":"https:\/\/agromt.news\/index.php?rest_route=%2Fwp%2Fv2%2Fmedia&parent=18951"}],"wp:term":[{"taxonomy":"category","embeddable":true,"href":"https:\/\/agromt.news\/index.php?rest_route=%2Fwp%2Fv2%2Fcategories&post=18951"},{"taxonomy":"post_tag","embeddable":true,"href":"https:\/\/agromt.news\/index.php?rest_route=%2Fwp%2Fv2%2Ftags&post=18951"}],"curies":[{"name":"wp","href":"https:\/\/api.w.org\/{rel}","templated":true}]}}