{"id":18950,"date":"2025-08-21T14:06:11","date_gmt":"2025-08-21T18:06:11","guid":{"rendered":"https:\/\/agromt.news\/?p=18950"},"modified":"2025-08-21T14:06:11","modified_gmt":"2025-08-21T18:06:11","slug":"calor-da-as-caras-mas-chuvas-fortes-e-rajadas-de-vento-estao-previstas-para-o-fim-do-mes","status":"publish","type":"post","link":"https:\/\/agromt.news\/?p=18950","title":{"rendered":"Calor d\u00e1 as caras, mas chuvas fortes e rajadas de vento est\u00e3o previstas para o fim do m\u00eas"},"content":{"rendered":"<p> <br \/>\n<br \/><img decoding=\"async\" src=\"https:\/\/agromt.news\/wp-content\/uploads\/2025\/03\/Fim-de-semana-comeca-com-sol-mas-ha-chance-de.jpg\" \/><\/p>\n<div>\n<p>Ap\u00f3s a passagem de um<a href=\"https:\/\/www.canalrural.com.br\/?s=+ciclone+extratropical\"> ciclone extratropical<\/a>, que j\u00e1 se afastou para o oceano, o <a href=\"https:\/\/www.canalrural.com.br\/?s=tempo\">cen\u00e1rio clim\u00e1tico <\/a>do Brasil deve passar por mudan\u00e7as importantes nos pr\u00f3ximos dias. Uma frente fria avan\u00e7a pelo Brasil Central e pelo litoral do Sudeste, mas sem provocar chuva volumosa nessas regi\u00f5es. O destaque do per\u00edodo ser\u00e1 a atua\u00e7\u00e3o de um cavado no Sul do pa\u00eds, respons\u00e1vel por instabilidades mais severas.<\/p>\n<ul class=\"wp-block-list\">\n<li><strong><em>Fique por dentro das novidades e not\u00edcias recentes sobre a soja! Participe da nossa comunidade atrav\u00e9s do\u00a0<a href=\"https:\/\/chat.whatsapp.com\/BmMRwA0TZ2DHGyhzoaVEWu\">link<\/a>! \ud83c\udf31<\/em><\/strong><\/li>\n<\/ul>\n<h2 class=\"wp-block-heading\" id=\"h-chuvas-e-rajadas-de-vento-acima-de-100-km-h\">Chuvas e rajadas de vento acima de 100 km\/h<\/h2>\n<p>De acordo com o meteorologista do <a href=\"https:\/\/www.canalrural.com.br\/\">Canal Rural<\/a>, Arthur M\u00fcller, h\u00e1 risco de chuvas fortes, granizo e rajadas de vento que podem superar 100 km\/h entre sexta-feira (22) e s\u00e1bado (23). \u201cAs \u00e1reas mais afetadas devem ser o oeste de Santa Catarina, oeste do Paran\u00e1, Rio Grande do Sul e sul do Mato Grosso do Sul. Os acumulados de chuva podem passar de 100 mil\u00edmetros, o que prejudica o andamento dos trabalhos no campo\u201d, explica.<\/p>\n<\/div>\n<div>\n<p>Enquanto isso, o tempo segue quente e seco no Matopiba, no Centro-Oeste e em parte do Sudeste. No Nordeste, as precipita\u00e7\u00f5es se concentram apenas no litoral, sem expectativa de chuva no interior.<\/p>\n<h2 class=\"wp-block-heading\" id=\"h-frio-avanca\">Frio avan\u00e7a <\/h2>\n<p>A partir de domingo (24), uma massa de ar frio avan\u00e7a sobre o pa\u00eds. No centro-sul do Rio Grande do Sul, h\u00e1 risco de geadas, que podem comprometer lavouras. O resfriamento tamb\u00e9m atinge Santa Catarina, Paran\u00e1, Mato Grosso do Sul e Sudeste, com temperaturas m\u00ednimas entre 8 \u00b0C e 12 \u00b0C, mas sem risco de geada nessas \u00e1reas. Ap\u00f3s a passagem do frio, a tend\u00eancia \u00e9 de eleva\u00e7\u00e3o gradual das temperaturas.<\/p>\n<h2 class=\"wp-block-heading\" id=\"h-tempo-no-fim-de-agosto\">Tempo no fim de agosto <\/h2>\n<p>J\u00e1 na \u00faltima semana de agosto, a previs\u00e3o indica retorno da chuva em S\u00e3o Paulo, Centro-Oeste e Sul de Minas Gerais, com volumes acima de 20 mil\u00edmetros. Essa mudan\u00e7a deve encerrar o veranico, diminuir o calor e aumentar a umidade relativa do ar.<\/p>\n<\/p><\/div>\n<p><br \/>\n<br \/><a href=\"https:\/\/www.canalrural.com.br\/agricultura\/projeto-soja-brasil\/calor-da-as-caras-mas-chuvas-fortes-e-rajadas-de-vento-estao-previstas-para-o-fim-do-mes\/\">Source link <\/a><\/p>\n","protected":false},"excerpt":{"rendered":"<p>Ap\u00f3s a passagem de um ciclone extratropical, que j\u00e1 se afastou para o oceano, o cen\u00e1rio clim\u00e1tico do Brasil deve<\/p>\n","protected":false},"author":1,"featured_media":12168,"comment_status":"open","ping_status":"open","sticky":false,"template":"","format":"standard","meta":{"_monsterinsights_skip_tracking":false,"_monsterinsights_sitenote_active":false,"_monsterinsights_sitenote_note":"","_monsterinsights_sitenote_category":0,"_uf_show_specific_survey":0,"_uf_disable_surveys":false,"footnotes":""},"categories":[1],"tags":[],"class_list":["post-18950","post","type-post","status-publish","format-standard","has-post-thumbnail","hentry","category-news"],"_links":{"self":[{"href":"https:\/\/agromt.news\/index.php?rest_route=\/wp\/v2\/posts\/18950"}],"collection":[{"href":"https:\/\/agromt.news\/index.php?rest_route=\/wp\/v2\/posts"}],"about":[{"href":"https:\/\/agromt.news\/index.php?rest_route=\/wp\/v2\/types\/post"}],"author":[{"embeddable":true,"href":"https:\/\/agromt.news\/index.php?rest_route=\/wp\/v2\/users\/1"}],"replies":[{"embeddable":true,"href":"https:\/\/agromt.news\/index.php?rest_route=%2Fwp%2Fv2%2Fcomments&post=18950"}],"version-history":[{"count":0,"href":"https:\/\/agromt.news\/index.php?rest_route=\/wp\/v2\/posts\/18950\/revisions"}],"wp:featuredmedia":[{"embeddable":true,"href":"https:\/\/agromt.news\/index.php?rest_route=\/wp\/v2\/media\/12168"}],"wp:attachment":[{"href":"https:\/\/agromt.news\/index.php?rest_route=%2Fwp%2Fv2%2Fmedia&parent=18950"}],"wp:term":[{"taxonomy":"category","embeddable":true,"href":"https:\/\/agromt.news\/index.php?rest_route=%2Fwp%2Fv2%2Fcategories&post=18950"},{"taxonomy":"post_tag","embeddable":true,"href":"https:\/\/agromt.news\/index.php?rest_route=%2Fwp%2Fv2%2Ftags&post=18950"}],"curies":[{"name":"wp","href":"https:\/\/api.w.org\/{rel}","templated":true}]}}