{"id":18948,"date":"2025-08-21T13:58:30","date_gmt":"2025-08-21T17:58:30","guid":{"rendered":"https:\/\/agromt.news\/?p=18948"},"modified":"2025-08-21T13:58:30","modified_gmt":"2025-08-21T17:58:30","slug":"produtores-ganham-mais-eficiencia-com-gestao-integrada-e-comparacao-de-custos","status":"publish","type":"post","link":"https:\/\/agromt.news\/?p=18948","title":{"rendered":"Produtores ganham mais efici\u00eancia com gest\u00e3o integrada e compara\u00e7\u00e3o de custos"},"content":{"rendered":"<p> <br \/>\n<\/p>\n<div>\n<p style=\"text-align:justify\">Apenas 34% dos produtores rurais brasileiros utilizam sistemas de gest\u00e3o integrados. Essa baixa ades\u00e3o revela um desafio hist\u00f3rico do agro: unir a complexidade financeira, o manejo agr\u00edcola e a diversidade de culturas em uma \u00fanica plataforma de controle. Nesse cen\u00e1rio, a AEGRO apresenta seu plano premium como um divisor de \u00e1guas para propriedades que buscam efici\u00eancia e maior rentabilidade.&#13;\n<\/p>\n<p style=\"text-align:justify\">Segundo Pedro Dusso, CEO da AEGRO, o novo plano foi pensado para produtores que j\u00e1 trabalham com m\u00faltiplas atividades e tecnologias, mas ainda n\u00e3o encontraram uma ferramenta completa para gerenciar todas as etapas da opera\u00e7\u00e3o. \u201cO plano premium segue a linha de todos os nossos servi\u00e7os, que \u00e9 entregar uma solu\u00e7\u00e3o ponta a ponta, do campo ao escrit\u00f3rio. Agora, o produtor pode integrar finan\u00e7as, agricultura de precis\u00e3o, telemetria de m\u00e1quinas e gest\u00e3o de insumos em um s\u00f3 lugar\u201d, explica.<\/p>\n<p style=\"text-align:justify\">Um dos diferenciais \u00e9 a integra\u00e7\u00e3o de Business Intelligence (BI) ao sistema. Antes restrito a relat\u00f3rios fixos, a plataforma agora permite personalizar dados e indicadores de acordo com a realidade de cada fazenda. \u201cUma propriedade de mil hectares em Cruz Alta \u00e9 diferente de mil hectares em Maracaju ou Sorriso. O BI torna poss\u00edvel adaptar relat\u00f3rios e an\u00e1lises para atender \u00e0s necessidades de cada cliente\u201d, ressalta Dusso.<\/p>\n<p style=\"text-align:justify\">Al\u00e9m da tecnologia, o plano premium incorpora atendimento especializado. Para o executivo, um dos maiores gargalos do agro n\u00e3o \u00e9 mais a falta de ferramentas digitais, mas sim a escassez de m\u00e3o de obra qualificada para oper\u00e1-las. \u201cUm bom operador de pulverizador, um bom analista financeiro ou at\u00e9 mesmo um agr\u00f4nomo experiente ainda s\u00e3o raros em muitas regi\u00f5es do pa\u00eds. Por isso, decidimos oferecer n\u00e3o s\u00f3 o software, mas tamb\u00e9m a gest\u00e3o pronta para produtores que n\u00e3o t\u00eam como estruturar isso dentro de casa\u201d, afirma.&#13;\n<\/p>\n<p style=\"text-align:justify\">Outro destaque \u00e9 o CompareSafras, recurso que amplia a transpar\u00eancia nos custos de produ\u00e7\u00e3o e pre\u00e7os de insumos. Com base em informa\u00e7\u00f5es anonimizadas de quase 6 mil fazendas, somando mais de 5 milh\u00f5es de hectares, o produtor consegue comparar seus resultados com m\u00e9dias regionais e estaduais. \u201c\u00c9 como se a troca de experi\u00eancias entre vizinhos fosse ampliada para milhares de propriedades. O agricultor pode saber, por exemplo, o pre\u00e7o m\u00e9dio do glifosato na regi\u00e3o ou como seu custo de produ\u00e7\u00e3o se compara ao dos vizinhos. \u00c9 uma forma de aumentar a efici\u00eancia e identificar oportunidades de melhoria\u201d, explica o CEO.<\/p>\n<p style=\"text-align:justify\">O acesso ao CompareSafras funciona por sistema de troca dupla: para visualizar as informa\u00e7\u00f5es, o produtor precisa compartilhar seus pr\u00f3prios dados, que s\u00e3o processados de forma an\u00f4nima e consolidados em estat\u00edsticas gerais. Assim, cada usu\u00e1rio consegue ajustar filtros e obter compara\u00e7\u00f5es alinhadas \u00e0 sua realidade produtiva.<\/p>\n<p style=\"text-align:justify\">Para Dusso, a combina\u00e7\u00e3o entre tecnologia, intelig\u00eancia de dados e suporte especializado marca um novo momento na gest\u00e3o rural brasileira. \u201cNosso objetivo \u00e9 dar ao produtor mais clareza, mais informa\u00e7\u00e3o e mais poder de decis\u00e3o. Quem tiver acesso a dados de qualidade e conseguir transform\u00e1-los em a\u00e7\u00e3o ser\u00e1 o grande vencedor nos pr\u00f3ximos anos\u201d, conclui.&#13;\n<\/p>\n<p style=\"text-align:justify\"><a href=\"https:\/\/www.agrolink.com.br\/agromidias\/video\/do-campo-ao-escritorio--gestao-integrada-da-aegro-conecta-producao--financas-e-mercado_20561.html\">Clique aqui e assista a reportagem.\u00a0<\/a><\/p>\n<\/p><\/div>\n<p><script data-cfasync=\"false\">\n    !function (f, b, e, v, n, t, s) {\n        if (f.fbq) return; n = f.fbq = function () {\n            n.callMethod ?\n                n.callMethod.apply(n, arguments) : n.queue.push(arguments)\n        };\n        if (!f._fbq) f._fbq = n; n.push = n; n.loaded = !0; n.version = '2.0';\n        n.queue = []; t = b.createElement(e); t.async = !0;\n        t.src = v; s = b.getElementsByTagName(e)[0];\n        s.parentNode.insertBefore(t, s)\n    }(window, document, 'script',\n        'https:\/\/connect.facebook.net\/en_US\/fbevents.js');\n    fbq('init', '522546078623747');\n    fbq('track', 'PageView');\n<\/script><br \/>\n<br \/><br \/>\n<br \/><a href=\"https:\/\/www.agrolink.com.br\/noticias\/produtores-ganham-mais-eficiencia-com-gestao-integrada-e-comparacao-de-custos_505162.html\">Source link <\/a><\/p>\n","protected":false},"excerpt":{"rendered":"<p>Apenas 34% dos produtores rurais brasileiros utilizam sistemas de gest\u00e3o integrados. Essa baixa ades\u00e3o revela um desafio hist\u00f3rico do agro:<\/p>\n","protected":false},"author":1,"featured_media":18949,"comment_status":"open","ping_status":"open","sticky":false,"template":"","format":"standard","meta":{"_monsterinsights_skip_tracking":false,"_monsterinsights_sitenote_active":false,"_monsterinsights_sitenote_note":"","_monsterinsights_sitenote_category":0,"_uf_show_specific_survey":0,"_uf_disable_surveys":false,"footnotes":""},"categories":[8,1,14],"tags":[],"class_list":["post-18948","post","type-post","status-publish","format-standard","has-post-thumbnail","hentry","category-agro","category-news","category-politica-agro"],"_links":{"self":[{"href":"https:\/\/agromt.news\/index.php?rest_route=\/wp\/v2\/posts\/18948"}],"collection":[{"href":"https:\/\/agromt.news\/index.php?rest_route=\/wp\/v2\/posts"}],"about":[{"href":"https:\/\/agromt.news\/index.php?rest_route=\/wp\/v2\/types\/post"}],"author":[{"embeddable":true,"href":"https:\/\/agromt.news\/index.php?rest_route=\/wp\/v2\/users\/1"}],"replies":[{"embeddable":true,"href":"https:\/\/agromt.news\/index.php?rest_route=%2Fwp%2Fv2%2Fcomments&post=18948"}],"version-history":[{"count":0,"href":"https:\/\/agromt.news\/index.php?rest_route=\/wp\/v2\/posts\/18948\/revisions"}],"wp:featuredmedia":[{"embeddable":true,"href":"https:\/\/agromt.news\/index.php?rest_route=\/wp\/v2\/media\/18949"}],"wp:attachment":[{"href":"https:\/\/agromt.news\/index.php?rest_route=%2Fwp%2Fv2%2Fmedia&parent=18948"}],"wp:term":[{"taxonomy":"category","embeddable":true,"href":"https:\/\/agromt.news\/index.php?rest_route=%2Fwp%2Fv2%2Fcategories&post=18948"},{"taxonomy":"post_tag","embeddable":true,"href":"https:\/\/agromt.news\/index.php?rest_route=%2Fwp%2Fv2%2Ftags&post=18948"}],"curies":[{"name":"wp","href":"https:\/\/api.w.org\/{rel}","templated":true}]}}