{"id":18946,"date":"2025-08-21T13:49:28","date_gmt":"2025-08-21T17:49:28","guid":{"rendered":"https:\/\/agromt.news\/?p=18946"},"modified":"2025-08-21T13:49:28","modified_gmt":"2025-08-21T17:49:28","slug":"fpa-cobra-ibama-sobre-medidas-contra-a-proliferacao-de-javalis","status":"publish","type":"post","link":"https:\/\/agromt.news\/?p=18946","title":{"rendered":"FPA cobra Ibama sobre medidas contra a prolifera\u00e7\u00e3o de javalis"},"content":{"rendered":"<p> <br \/>\n<br \/><img decoding=\"async\" src=\"https:\/\/agromt.news\/wp-content\/uploads\/2025\/08\/FPA-cobra-Ibama-sobre-medidas-contra-a-proliferacao-de-javalis.jpg\" \/><\/p>\n<div>\n<p>A presen\u00e7a <a href=\"https:\/\/www.canalrural.com.br\/nacional\/javalis-destroem-lavouras-atacam-filhotes-e-espalham-medo-entre-produtores-do-sul\/\">descontrolada do javali nas \u00e1reas rurais brasileiras <\/a>voltou ao centro do debate da Frente Parlamentar da Agropecu\u00e1ria (FPA). O coordenador da bancada, deputado Alceu Moreira (MDB-RS), cobrou a\u00e7\u00e3o imediata e criticou a postura do Ibama diante da gravidade do problema.<\/p>\n<p>\u201cN\u00e3o podemos admitir que um pa\u00eds como o nosso, que produz, alimenta e conquista a credibilidade de diversos mercados pelo mundo, esteja vulner\u00e1vel a essa praga. E pior, por crendices ideol\u00f3gicas do Ibama e de quem n\u00e3o tem nenhum compromisso com o desenvolvimento nacional. O nosso compromisso \u00e9 com o controle sanit\u00e1rio e do jeito que o controle est\u00e1 sendo feito n\u00e3o pode mais ficar\u201d, afirmou.<\/p>\n<p><em>Veja em primeira m\u00e3o tudo sobre agricultura, pecu\u00e1ria, economia e previs\u00e3o do tempo:<\/em><a href=\"https:\/\/news.google.com\/publications\/CAAqBwgKMPKZlQswq_mqAw?hl=pt-BR&amp;gl=BR&amp;ceid=BR%3Apt-419\" target=\"_blank\" rel=\"noreferrer noopener\"><em>\u00a0siga o Canal Rural no Google News!<\/em><\/a><\/p>\n<\/div>\n<div>\n<p>O tema foi pauta de reuni\u00e3o da diretoria da FPA na ter\u00e7a-feira (19), na sede da Confedera\u00e7\u00e3o da Agricultura e Pecu\u00e1ria do Brasil (CNA), que contou com parlamentares e especialistas na \u00e1rea.<\/p>\n<p>O ca\u00e7ador e pesquisador Rafael Salerno, do perfil Aqui Tem Javali, principal canal de<br \/>informa\u00e7\u00f5es sobre a praga no pa\u00eds, participou da reuni\u00e3o e relatou que os animais j\u00e1 deixaram de ser apenas uma amea\u00e7a e se tornaram uma realidade destruidora no campo. Ele ressaltou que \u00e9 um erro comparar o javali com animais da fauna brasileira, como on\u00e7as e lobos-guar\u00e1.<\/p>\n<p>A iniciativa mais recente sobre o tema no Congresso Nacional \u00e9 o PL 3384\/2021, relatado pelo deputado Nelson Barbudo, que autoriza o controle populacional de esp\u00e9cies ex\u00f3ticas invasoras nocivas e estabelece condi\u00e7\u00f5es para o consumo, a distribui\u00e7\u00e3o e a comercializa\u00e7\u00e3o de produtos e subprodutos resultantes do abate desses animais.<\/p>\n<\/p><\/div>\n<p><br \/>\n<br \/><a href=\"https:\/\/www.canalrural.com.br\/diversos\/fpa-cobra-ibama-sobre-medidas-contra-a-proliferacao-de-javalis\/\">Source link <\/a><\/p>\n","protected":false},"excerpt":{"rendered":"<p>A presen\u00e7a descontrolada do javali nas \u00e1reas rurais brasileiras voltou ao centro do debate da Frente Parlamentar da Agropecu\u00e1ria (FPA).<\/p>\n","protected":false},"author":1,"featured_media":18947,"comment_status":"open","ping_status":"open","sticky":false,"template":"","format":"standard","meta":{"_monsterinsights_skip_tracking":false,"_monsterinsights_sitenote_active":false,"_monsterinsights_sitenote_note":"","_monsterinsights_sitenote_category":0,"_uf_show_specific_survey":0,"_uf_disable_surveys":false,"footnotes":""},"categories":[1],"tags":[],"class_list":["post-18946","post","type-post","status-publish","format-standard","has-post-thumbnail","hentry","category-news"],"_links":{"self":[{"href":"https:\/\/agromt.news\/index.php?rest_route=\/wp\/v2\/posts\/18946"}],"collection":[{"href":"https:\/\/agromt.news\/index.php?rest_route=\/wp\/v2\/posts"}],"about":[{"href":"https:\/\/agromt.news\/index.php?rest_route=\/wp\/v2\/types\/post"}],"author":[{"embeddable":true,"href":"https:\/\/agromt.news\/index.php?rest_route=\/wp\/v2\/users\/1"}],"replies":[{"embeddable":true,"href":"https:\/\/agromt.news\/index.php?rest_route=%2Fwp%2Fv2%2Fcomments&post=18946"}],"version-history":[{"count":0,"href":"https:\/\/agromt.news\/index.php?rest_route=\/wp\/v2\/posts\/18946\/revisions"}],"wp:featuredmedia":[{"embeddable":true,"href":"https:\/\/agromt.news\/index.php?rest_route=\/wp\/v2\/media\/18947"}],"wp:attachment":[{"href":"https:\/\/agromt.news\/index.php?rest_route=%2Fwp%2Fv2%2Fmedia&parent=18946"}],"wp:term":[{"taxonomy":"category","embeddable":true,"href":"https:\/\/agromt.news\/index.php?rest_route=%2Fwp%2Fv2%2Fcategories&post=18946"},{"taxonomy":"post_tag","embeddable":true,"href":"https:\/\/agromt.news\/index.php?rest_route=%2Fwp%2Fv2%2Ftags&post=18946"}],"curies":[{"name":"wp","href":"https:\/\/api.w.org\/{rel}","templated":true}]}}