{"id":18943,"date":"2025-08-21T13:18:11","date_gmt":"2025-08-21T17:18:11","guid":{"rendered":"https:\/\/agromt.news\/?p=18943"},"modified":"2025-08-21T13:18:11","modified_gmt":"2025-08-21T17:18:11","slug":"governo-vai-comprar-alimentos-que-seriam-exportados-para-os-eua-diz-ministro","status":"publish","type":"post","link":"https:\/\/agromt.news\/?p=18943","title":{"rendered":"Governo vai comprar alimentos que seriam exportados para os EUA, diz ministro"},"content":{"rendered":"<p> <br \/>\n<br \/><img decoding=\"async\" src=\"https:\/\/agromt.news\/wp-content\/uploads\/2025\/08\/Governo-vai-comprar-alimentos-que-seriam-exportados-para-os-EUA.jpg\" \/><\/p>\n<div>\n<p>O ministro do Desenvolvimento Agr\u00e1rio e Agricultura Familiar, Paulo Teixeira, disse nessa quarta-feira (20) \u00e0 noite, em entrevista \u00e0 Voz do Brasil, que <a href=\"https:\/\/www.canalrural.com.br\/agricultura\/governo-autorizara-estados-a-comprar-alimentos-afetados-por-tarifaco\/\">o governo brasileiro vai comprar produtos perec\u00edveis, como frutas, peixes e carnes<\/a>.<\/p>\n<p>Segundo Teixeira, o destino dos produtos deve ser a merenda escolar, a alimenta\u00e7\u00e3o das For\u00e7as Armadas, os hospitais, os restaurantes universit\u00e1rios e os programas de aquisi\u00e7\u00e3o de alimentos destinados \u00e0s popula\u00e7\u00f5es em inseguran\u00e7a alimentar.<\/p>\n<p>\u201cO governo vai estimular que estados e munic\u00edpios possam adquirir esses produtos pelos programas p\u00fablicos da alimenta\u00e7\u00e3o escolar\u201d, afirmou. Paulo Teixeira explicou que isso vai representar uma alimenta\u00e7\u00e3o escolar, por exemplo, com produtos da melhor qualidade.<\/p>\n<\/div>\n<div>\n<h2 class=\"wp-block-heading\" id=\"h-outros-compradores\">Outros compradores<\/h2>\n<p>\u201cN\u00f3s estamos s\u00f3 regulamentando porque percebemos que alguns setores conseguem redirecionar rapidamente esses programas para outros pa\u00edses\u201d.<br \/>Um dos exemplos que ele citou foi o caso da castanha que deve ser comercializada para a Europa. \u201cO mesmo acontece com o caf\u00e9. N\u00e3o tem caf\u00e9 no mundo hoje, em lugar nenhum, para substituir o produto brasileiro\u201d, argumentou.<\/p>\n<p><em>Veja em primeira m\u00e3o tudo sobre agricultura, pecu\u00e1ria, economia e previs\u00e3o do tempo:<\/em><a href=\"https:\/\/news.google.com\/publications\/CAAqBwgKMPKZlQswq_mqAw?hl=pt-BR&amp;gl=BR&amp;ceid=BR%3Apt-419\" target=\"_blank\" rel=\"noreferrer noopener\"><em>\u00a0siga o Canal Rural no Google News!<\/em><\/a><\/p>\n<p>No caso da carne, o ministro afirmou que o produto pode ser estocado, congelado e redirecionado. No entanto, em rela\u00e7\u00e3o a produtos como mel, a\u00e7a\u00ed, uva e peixes s\u00e3o mais perec\u00edveis e, por isso, dever\u00e3o ser absorvidos nos programas nacionais de compras p\u00fablicas. \u201cO governo vai incluir em todos os seus editais de compras p\u00fablicas a aquisi\u00e7\u00e3o para que n\u00e3o haja perda de alimentos\u201d, garantiu.<\/p>\n<\/p><\/div>\n<p><br \/>\n<br \/><a href=\"https:\/\/www.canalrural.com.br\/nacional\/governo-vai-comprar-alimentos-que-seriam-exportados-para-os-eua-diz-ministro\/\">Source link <\/a><\/p>\n","protected":false},"excerpt":{"rendered":"<p>O ministro do Desenvolvimento Agr\u00e1rio e Agricultura Familiar, Paulo Teixeira, disse nessa quarta-feira (20) \u00e0 noite, em entrevista \u00e0 Voz<\/p>\n","protected":false},"author":1,"featured_media":18944,"comment_status":"open","ping_status":"open","sticky":false,"template":"","format":"standard","meta":{"_monsterinsights_skip_tracking":false,"_monsterinsights_sitenote_active":false,"_monsterinsights_sitenote_note":"","_monsterinsights_sitenote_category":0,"_uf_show_specific_survey":0,"_uf_disable_surveys":false,"footnotes":""},"categories":[1],"tags":[],"class_list":["post-18943","post","type-post","status-publish","format-standard","has-post-thumbnail","hentry","category-news"],"_links":{"self":[{"href":"https:\/\/agromt.news\/index.php?rest_route=\/wp\/v2\/posts\/18943"}],"collection":[{"href":"https:\/\/agromt.news\/index.php?rest_route=\/wp\/v2\/posts"}],"about":[{"href":"https:\/\/agromt.news\/index.php?rest_route=\/wp\/v2\/types\/post"}],"author":[{"embeddable":true,"href":"https:\/\/agromt.news\/index.php?rest_route=\/wp\/v2\/users\/1"}],"replies":[{"embeddable":true,"href":"https:\/\/agromt.news\/index.php?rest_route=%2Fwp%2Fv2%2Fcomments&post=18943"}],"version-history":[{"count":0,"href":"https:\/\/agromt.news\/index.php?rest_route=\/wp\/v2\/posts\/18943\/revisions"}],"wp:featuredmedia":[{"embeddable":true,"href":"https:\/\/agromt.news\/index.php?rest_route=\/wp\/v2\/media\/18944"}],"wp:attachment":[{"href":"https:\/\/agromt.news\/index.php?rest_route=%2Fwp%2Fv2%2Fmedia&parent=18943"}],"wp:term":[{"taxonomy":"category","embeddable":true,"href":"https:\/\/agromt.news\/index.php?rest_route=%2Fwp%2Fv2%2Fcategories&post=18943"},{"taxonomy":"post_tag","embeddable":true,"href":"https:\/\/agromt.news\/index.php?rest_route=%2Fwp%2Fv2%2Ftags&post=18943"}],"curies":[{"name":"wp","href":"https:\/\/api.w.org\/{rel}","templated":true}]}}