{"id":18937,"date":"2025-08-21T12:06:43","date_gmt":"2025-08-21T16:06:43","guid":{"rendered":"https:\/\/agromt.news\/?p=18937"},"modified":"2025-08-21T12:06:43","modified_gmt":"2025-08-21T16:06:43","slug":"produtores-de-goias-relatam-casos-de-raiva-no-rebanho","status":"publish","type":"post","link":"https:\/\/agromt.news\/?p=18937","title":{"rendered":"Produtores de Goi\u00e1s relatam casos de raiva no rebanho"},"content":{"rendered":"<p> <br \/>\n<br \/><img decoding=\"async\" src=\"https:\/\/agromt.news\/wp-content\/uploads\/2025\/07\/Casos-de-raiva-em-morcegos-acendem-alerta-no-DF.jpg\" \/><\/p>\n<div>\n<p>A Ag\u00eancia Goiana de Defesa Agropecu\u00e1ria (<a href=\"https:\/\/www.canalrural.com.br\/tag\/agrodefesa\/\">Agrodefesa<\/a>) intensificou as a\u00e7\u00f5es de captura e controle de morcegos hemat\u00f3fagos em Carmo do Rio Verde, Goi\u00e1s, ap\u00f3s a confirma\u00e7\u00e3o de casos de raiva de herb\u00edvoros em quatro propriedades rurais locais.<\/p>\n<p>Segundo a Agrodefesa, os casos foram notificados pelos pr\u00f3prios produtores, que procuraram a Agrodefesa ap\u00f3s observarem sintomas neurol\u00f3gicos nos animais. M\u00e9dicos veterin\u00e1rios coletaram amostras dos animais e enviaram para an\u00e1lise no Laborat\u00f3rio de Diagn\u00f3stico Veterin\u00e1rio da Agrodefesa (LabVet), que confirmou os casos de raiva.<\/p>\n<p>Ap\u00f3s a confirma\u00e7\u00e3o dos exames, equipes da Unidade Regional Rio das Almas deram in\u00edcio imediato \u00e0s a\u00e7\u00f5es de controle, que incluem vacina\u00e7\u00e3o, atividades de educa\u00e7\u00e3o sanit\u00e1ria e fiscaliza\u00e7\u00e3o para identificar poss\u00edveis novos casos.<\/p>\n<p>\u201cDiante de um caso positivo, a a\u00e7\u00e3o precisa ser imediata para conter a dissemina\u00e7\u00e3o da doen\u00e7a e proteger tanto a pecu\u00e1ria quanto a sa\u00fade p\u00fablica.\u201d diz o presidente da Agrodefesa, Jos\u00e9 Ricardo Caixeta Ramos.\u00a0<\/p>\n<\/div>\n<div>\n<p>Atualmente, cinco equipes est\u00e3o na regi\u00e3o, em um raio de 12 quil\u00f4metros dos focos, realizando vigil\u00e2ncia epidemiol\u00f3gica e orientando os produtores quanto \u00e0 vacina\u00e7\u00e3o dos rebanhos. Uma das equipes est\u00e1 mobilizada para identificar poss\u00edveis abrigos de morcegos hemat\u00f3fagos e implementar medidas de controle populacional.<\/p>\n<h2 class=\"wp-block-heading\" id=\"h-notificacao-de-casos-de-raiva\">Notifica\u00e7\u00e3o de casos de raiva<\/h2>\n<p>A raiva \u00e9 uma doen\u00e7a grave e de alta letalidade. A imuniza\u00e7\u00e3o preventiva \u00e9 um investimento que protege n\u00e3o s\u00f3 os animais, mas tamb\u00e9m a sa\u00fade humana, j\u00e1 que a doen\u00e7a pode ser transmitida \u00e0s pessoas.\u00a0<\/p>\n<p>A Ag\u00eancia refor\u00e7a que a notifica\u00e7\u00e3o n\u00e3o gera multa nem penalidade. Os casos suspeitos devem ser informados no <strong><a href=\"https:\/\/sistemasweb.agricultura.gov.br\/pages\/SISBRAVET.html\">sistema e-Sisbravet<\/a><\/strong>, diretamente na Unidade Operacional Local da Ag\u00eancia ou pelo telefone 0800 646 1122.<\/p>\n<p>*<em>Sob supervis\u00e3o de Victor Faverin<\/em><\/p>\n<\/p><\/div>\n<p><br \/>\n<br \/><a href=\"https:\/\/www.canalrural.com.br\/pecuaria\/produtores-de-goias-relatam-casos-de-raiva-no-rebanho\/\">Source link <\/a><\/p>\n","protected":false},"excerpt":{"rendered":"<p>A Ag\u00eancia Goiana de Defesa Agropecu\u00e1ria (Agrodefesa) intensificou as a\u00e7\u00f5es de captura e controle de morcegos hemat\u00f3fagos em Carmo do<\/p>\n","protected":false},"author":1,"featured_media":16430,"comment_status":"open","ping_status":"open","sticky":false,"template":"","format":"standard","meta":{"_monsterinsights_skip_tracking":false,"_monsterinsights_sitenote_active":false,"_monsterinsights_sitenote_note":"","_monsterinsights_sitenote_category":0,"_uf_show_specific_survey":0,"_uf_disable_surveys":false,"footnotes":""},"categories":[1],"tags":[],"class_list":["post-18937","post","type-post","status-publish","format-standard","has-post-thumbnail","hentry","category-news"],"_links":{"self":[{"href":"https:\/\/agromt.news\/index.php?rest_route=\/wp\/v2\/posts\/18937"}],"collection":[{"href":"https:\/\/agromt.news\/index.php?rest_route=\/wp\/v2\/posts"}],"about":[{"href":"https:\/\/agromt.news\/index.php?rest_route=\/wp\/v2\/types\/post"}],"author":[{"embeddable":true,"href":"https:\/\/agromt.news\/index.php?rest_route=\/wp\/v2\/users\/1"}],"replies":[{"embeddable":true,"href":"https:\/\/agromt.news\/index.php?rest_route=%2Fwp%2Fv2%2Fcomments&post=18937"}],"version-history":[{"count":0,"href":"https:\/\/agromt.news\/index.php?rest_route=\/wp\/v2\/posts\/18937\/revisions"}],"wp:featuredmedia":[{"embeddable":true,"href":"https:\/\/agromt.news\/index.php?rest_route=\/wp\/v2\/media\/16430"}],"wp:attachment":[{"href":"https:\/\/agromt.news\/index.php?rest_route=%2Fwp%2Fv2%2Fmedia&parent=18937"}],"wp:term":[{"taxonomy":"category","embeddable":true,"href":"https:\/\/agromt.news\/index.php?rest_route=%2Fwp%2Fv2%2Fcategories&post=18937"},{"taxonomy":"post_tag","embeddable":true,"href":"https:\/\/agromt.news\/index.php?rest_route=%2Fwp%2Fv2%2Ftags&post=18937"}],"curies":[{"name":"wp","href":"https:\/\/api.w.org\/{rel}","templated":true}]}}