{"id":18935,"date":"2025-08-21T11:47:20","date_gmt":"2025-08-21T15:47:20","guid":{"rendered":"https:\/\/agromt.news\/?p=18935"},"modified":"2025-08-21T11:47:20","modified_gmt":"2025-08-21T15:47:20","slug":"alckmin-pede-urgencia-em-propostas-sobre-exportacoes-na-camara","status":"publish","type":"post","link":"https:\/\/agromt.news\/?p=18935","title":{"rendered":"Alckmin pede urg\u00eancia em propostas sobre exporta\u00e7\u00f5es na C\u00e2mara"},"content":{"rendered":"<p> <br \/>\n<br \/><img decoding=\"async\" src=\"https:\/\/agromt.news\/wp-content\/uploads\/2025\/03\/Geraldo-Alckmin-participa-do-lancamento-do-projeto-Memorias-do-Brasil.webp.webp\" \/><\/p>\n<div>\n<p>O vice-presidente Geraldo Alckmin se reuniu nesta quarta-feira (20) com o presidente da C\u00e2mara dos Deputados, Hugo Motta, para apresentar as propostas legislativas priorit\u00e1rias do governo em defesa das exporta\u00e7\u00f5es brasileiras, impactadas pelo tarifa\u00e7o imposto pelos Estados Unidos. <\/p>\n<p>Alckmin, que tamb\u00e9m \u00e9 ministro do Desenvolvimento, Ind\u00fastria, Com\u00e9rcio e Servi\u00e7os, pediu a Motta urg\u00eancia na tramita\u00e7\u00e3o dos projetos, de forma a preservar os empregos e os produtos afetados pelas san\u00e7\u00f5es determinadas pelo l\u00edder norte-americano Donald Trump, e que entraram em vigor h\u00e1 duas semanas.<\/p>\n<p>Entre as propostas apresentadas pelo governo est\u00e1 a Medida Provis\u00f3ria (MP) que cria o Plano Brasil Soberano e apresenta um conjunto de medidas para socorrer empresas prejudicadas pelas tarifas dos EUA sobre as exporta\u00e7\u00f5es brasileiras. <\/p>\n<p>O plano inclui uma <strong><a href=\"https:\/\/www.canalrural.com.br\/economia\/governo-anuncia-r-30-bilhoes-para-empresas-afetadas-por-tarifaco\/\">linha de cr\u00e9dito no valor de R$ 30 bilh\u00f5es para exportadores<\/a><\/strong>, mudan\u00e7a nas regras do seguro de cr\u00e9dito \u00e0 exporta\u00e7\u00e3o e em fundos garantidores, suspens\u00e3o de tributos incidentes sobre insumos importados (drawback) e compras governamentais de g\u00eaneros aliment\u00edcios que deixaram de ser exportados.<\/p>\n<h2 class=\"wp-block-heading\" id=\"h-restituicao-de-tributos\">Restitui\u00e7\u00e3o de tributos<\/h2>\n<p>H\u00e1 tamb\u00e9m um Projeto de Lei Complementar (PLP) que aumenta o percentual de restitui\u00e7\u00e3o de tributos federais a empresas afetadas, via Novo Reintegra \u2013 Regime Especial de Reintegra\u00e7\u00e3o de Valores Tribut\u00e1rios. Trata-se de um incentivo fiscal que permite \u00e0s empresas recuperar parte dos impostos indiretos incidentes sobre a cadeia produtiva dos produtos exportados.<\/p>\n<\/div>\n<div>\n<p>\u201cPedimos urg\u00eancia para as duas propostas que o presidente Lula encaminhou [ao Congresso]. A Medida Provis\u00f3ria que estabelece o cr\u00e9dito, fundo garantidor, compras governamentais drawbeck. E o PLP, que estabelece Reintegra. Eles estabelecem um apoio para preservar emprego e a produ\u00e7\u00e3o dos produtos afetados pela tarifa de 50% dos exportadores brasileiros para os Estados Unidos\u201d, destacou Alckmin em coletiva de imprensa, ap\u00f3s a reuni\u00e3o.<\/p>\n<p>O vice-presidente tamb\u00e9m pediu apoio de Hugo Motta na tramita\u00e7\u00e3o de outros 15 projetos de lei, que tratam de com\u00e9rcio exterior, 11 deles s\u00e3o acordos internacionais, que eliminam a bitributa\u00e7\u00e3o e investimentos rec\u00edprocos. Um desses projetos \u00e9 um acordo comercial com a \u00cdndia.<\/p>\n<h2 class=\"wp-block-heading\" id=\"h-aco-e-aluminio\">A\u00e7o e alum\u00ednio<\/h2>\n<p>\u00c0 imprensa, Alckmin tamb\u00e9m informou que, por decis\u00e3o dos EUA, produtos que t\u00eam componentes de a\u00e7o e alum\u00ednio passam a ser taxados de acordo com a Se\u00e7\u00e3o 232 da Lei de Expans\u00e3o Comercial norte-americana, que \u00e9 aplicada a todos os pa\u00edses, com exce\u00e7\u00e3o do Reino Unido.<\/p>\n<p>\u201cMelhora a nossa competitividade na \u00e1rea industrial. Ent\u00e3o, se eu vendo uma m\u00e1quina que tem a\u00e7o, essa parte do a\u00e7o fica igual com o mundo inteiro, porque entra na Se\u00e7\u00e3o 232. Garfo, faca, tudo que tiver a\u00e7o e alum\u00ednio\u201d, observou.<\/p>\n<p>Pelos c\u00e1lculos do governo, o impacto desse al\u00edvio no tarifa\u00e7o abrange 6,4% das exporta\u00e7\u00f5es brasileiras aos EUA, alcan\u00e7ando um valor de US$ 2,6 bilh\u00f5es.<\/p>\n<\/p><\/div>\n<p><br \/>\n<br \/><a href=\"https:\/\/www.canalrural.com.br\/politica\/alckmin-pede-urgencia-em-propostas-sobre-exportacoes-na-camara\/\">Source link <\/a><\/p>\n","protected":false},"excerpt":{"rendered":"<p>O vice-presidente Geraldo Alckmin se reuniu nesta quarta-feira (20) com o presidente da C\u00e2mara dos Deputados, Hugo Motta, para apresentar<\/p>\n","protected":false},"author":1,"featured_media":11462,"comment_status":"open","ping_status":"open","sticky":false,"template":"","format":"standard","meta":{"_monsterinsights_skip_tracking":false,"_monsterinsights_sitenote_active":false,"_monsterinsights_sitenote_note":"","_monsterinsights_sitenote_category":0,"_uf_show_specific_survey":0,"_uf_disable_surveys":false,"footnotes":""},"categories":[1],"tags":[],"class_list":["post-18935","post","type-post","status-publish","format-standard","has-post-thumbnail","hentry","category-news"],"_links":{"self":[{"href":"https:\/\/agromt.news\/index.php?rest_route=\/wp\/v2\/posts\/18935"}],"collection":[{"href":"https:\/\/agromt.news\/index.php?rest_route=\/wp\/v2\/posts"}],"about":[{"href":"https:\/\/agromt.news\/index.php?rest_route=\/wp\/v2\/types\/post"}],"author":[{"embeddable":true,"href":"https:\/\/agromt.news\/index.php?rest_route=\/wp\/v2\/users\/1"}],"replies":[{"embeddable":true,"href":"https:\/\/agromt.news\/index.php?rest_route=%2Fwp%2Fv2%2Fcomments&post=18935"}],"version-history":[{"count":0,"href":"https:\/\/agromt.news\/index.php?rest_route=\/wp\/v2\/posts\/18935\/revisions"}],"wp:featuredmedia":[{"embeddable":true,"href":"https:\/\/agromt.news\/index.php?rest_route=\/wp\/v2\/media\/11462"}],"wp:attachment":[{"href":"https:\/\/agromt.news\/index.php?rest_route=%2Fwp%2Fv2%2Fmedia&parent=18935"}],"wp:term":[{"taxonomy":"category","embeddable":true,"href":"https:\/\/agromt.news\/index.php?rest_route=%2Fwp%2Fv2%2Fcategories&post=18935"},{"taxonomy":"post_tag","embeddable":true,"href":"https:\/\/agromt.news\/index.php?rest_route=%2Fwp%2Fv2%2Ftags&post=18935"}],"curies":[{"name":"wp","href":"https:\/\/api.w.org\/{rel}","templated":true}]}}