{"id":18933,"date":"2025-08-21T10:06:44","date_gmt":"2025-08-21T14:06:44","guid":{"rendered":"https:\/\/agromt.news\/?p=18933"},"modified":"2025-08-21T10:06:44","modified_gmt":"2025-08-21T14:06:44","slug":"brasil-quer-ser-protagonista-em-alimento-e-energia-limpa","status":"publish","type":"post","link":"https:\/\/agromt.news\/?p=18933","title":{"rendered":"Brasil quer ser protagonista em alimento e energia limpa"},"content":{"rendered":"<p> <br \/>\n<\/p>\n<div>\n<p style=\"text-align:justify\">Na manh\u00e3 de quinta-feira, 21 de agosto, a Confedera\u00e7\u00e3o da Agricultura e Pecu\u00e1ria do Brasil (CNA) sediou o Semin\u00e1rio Cadeia das Prote\u00ednas: Combust\u00edvel e Alimento para o Mundo, que reuniu lideran\u00e7as do agroneg\u00f3cio e do Parlamento brasileiro para discutir o papel estrat\u00e9gico do pa\u00eds na produ\u00e7\u00e3o de alimentos e biocombust\u00edveis. O encontro destacou a for\u00e7a do agro nacional na oferta de prote\u00ednas animais e vegetais, al\u00e9m do protagonismo brasileiro na transi\u00e7\u00e3o para uma matriz energ\u00e9tica mais limpa.&#13;\n<\/p>\n<p style=\"text-align:justify\"><strong>Brasil na vanguarda da produ\u00e7\u00e3o sustent\u00e1vel<\/strong><\/p>\n<p style=\"text-align:justify\">O presidente da CNA, Jo\u00e3o Martins, ressaltou os avan\u00e7os tecnol\u00f3gicos da nutri\u00e7\u00e3o animal e como isso colocou o Brasil em posi\u00e7\u00e3o de lideran\u00e7a mundial na produ\u00e7\u00e3o de carnes.<\/p>\n<p style=\"text-align:justify\">\u201cHoje, nossas cadeias de aves e su\u00ednos apresentam n\u00edveis de efici\u00eancia muito superiores aos da d\u00e9cada de 1970. O frango, por exemplo, melhorou em 40% sua efici\u00eancia alimentar para atingir o mesmo peso. Nossa carne bovina \u00e9 a mais sustent\u00e1vel do planeta\u201d, destacou Martins.<\/p>\n<p style=\"text-align:justify\">Ele tamb\u00e9m refor\u00e7ou que a integra\u00e7\u00e3o entre o setor agropecu\u00e1rio e os biocombust\u00edveis \u00e9 estrat\u00e9gica para o futuro. \u201cEstamos engajados para que o Brasil se mantenha na vanguarda mundial, tanto em energia limpa quanto na oferta de alimentos de qualidade\u201d, completou.<\/p>\n<p style=\"text-align:justify\"><strong>Piau\u00ed e o avan\u00e7o do Cerrado<\/strong><\/p>\n<p style=\"text-align:justify\">O deputado federal Fl\u00e1vio Nogueira (PI) trouxe a experi\u00eancia do seu estado, que nos \u00faltimos 15 anos se consolidou como uma nova fronteira agr\u00edcola do Brasil.<\/p>\n<p style=\"text-align:justify\">\u201cO Piau\u00ed deixou de ser apenas pecu\u00e1ria e cajueiro para se transformar em grande produtor de soja e milho. Esse avan\u00e7o impulsiona tamb\u00e9m a pecu\u00e1ria, os frigor\u00edficos e a gera\u00e7\u00e3o de empregos. Isso nos d\u00e1 orgulho, porque \u00e9 o agro que coloca o Brasil como refer\u00eancia internacional\u201d, afirmou.&#13;\n<\/p>\n<p style=\"text-align:justify\">Nogueira refor\u00e7ou ainda que o Brasil tem a miss\u00e3o de expandir o uso de energias renov\u00e1veis. \u201cEventos como esse s\u00e3o fundamentais para que possamos reduzir cada vez mais o uso do diesel f\u00f3ssil, uma demanda global em prol do clima\u201d, completou.<\/p>\n<p style=\"text-align:justify\"><strong>Previsibilidade e reconhecimento internacional<\/strong><\/p>\n<p style=\"text-align:justify\">J\u00e1 o deputado federal Arnaldo Jardim, presidente da Comiss\u00e3o de Transi\u00e7\u00e3o Energ\u00e9tica, destacou os desafios regulat\u00f3rios e a import\u00e2ncia de pol\u00edticas consistentes para dar seguran\u00e7a ao setor.<\/p>\n<p style=\"text-align:justify\">\u201cO Brasil j\u00e1 avan\u00e7a para misturas mais elevadas de biodiesel e isso cria um mercado cativo, que traz previsibilidade. O problema \u00e9 que muitas vezes decis\u00f5es conjunturais sobre pre\u00e7os atrasam esse processo. N\u00e3o podemos quebrar a confian\u00e7a da cadeia produtiva\u201d, alertou.<\/p>\n<p style=\"text-align:justify\">Jardim tamb\u00e9m chamou aten\u00e7\u00e3o para o papel do Brasil na agenda clim\u00e1tica internacional:<\/p>\n<p style=\"text-align:justify\">\u201cO etanol e o biodiesel s\u00e3o instrumentos de descarboniza\u00e7\u00e3o, mas esse benef\u00edcio \u00e9 computado no cap\u00edtulo energia e n\u00e3o no agro. Precisamos corrigir essa distor\u00e7\u00e3o, pois o campo \u00e9 fundamental no combate \u00e0s mudan\u00e7as clim\u00e1ticas. Se o mundo fizesse o que o Brasil j\u00e1 faz, estar\u00edamos muito mais avan\u00e7ados nessa agenda\u201d, refor\u00e7ou.<\/p>\n<p style=\"text-align:justify\"><strong>Desafios do cr\u00e9dito e da comunica\u00e7\u00e3o<\/strong><\/p>\n<p style=\"text-align:justify\">Presidente da Frente Parlamentar do Biodiesel, Alceu Moreira defendeu mudan\u00e7as estruturais no modelo de cr\u00e9dito e seguro rural, al\u00e9m de maior intelig\u00eancia estrat\u00e9gica na abertura de mercados internacionais.<\/p>\n<p style=\"text-align:justify\">\u201cNosso modelo de cr\u00e9dito ainda \u00e9 da d\u00e9cada de 1950. Quem produz acaba pagando pelos que n\u00e3o cumprem. Precisamos de uma plataforma de cr\u00e9dito positivo, que premie o produtor honesto e d\u00ea previsibilidade \u00e0 produ\u00e7\u00e3o\u201d, destacou.<\/p>\n<p style=\"text-align:justify\">O parlamentar tamb\u00e9m ressaltou que o setor precisa se comunicar melhor com o consumidor internacional, diante das barreiras ambientais e comerciais impostas a produtos brasileiros:<\/p>\n<p style=\"text-align:justify\">\u201cN\u00e3o adianta fazer discursos inflamados. O que precisamos \u00e9 conquistar a dona de casa na Europa, nos Estados Unidos e na \u00c1sia. \u00c9 ela quem decide na prateleira do supermercado. Temos de mostrar rastreabilidade, sustentabilidade e qualidade dos nossos produtos, com comunica\u00e7\u00e3o inteligente e transparente\u201d, afirmou Moreira.&#13;\n<\/p>\n<p style=\"text-align:justify\">Ele ainda lembrou que o avan\u00e7o do biodiesel e do etanol est\u00e1 gerando desenvolvimento social no interior do Brasil. \u201cVimos comunidades que antes viviam na pobreza agora construindo cooperativas, frigor\u00edficos e lojas a partir da economia circular do agro. Esse \u00e9 o Brasil real que precisamos fortalecer\u201d, concluiu.<\/p>\n<p style=\"text-align:justify\"><strong>\u00a0Converg\u00eancia entre alimento e energia<\/strong><\/p>\n<p style=\"text-align:justify\">A cadeia das prote\u00ednas est\u00e1 no centro de dois grandes desafios globais: a seguran\u00e7a alimentar e a transi\u00e7\u00e3o energ\u00e9tica. Para os l\u00edderes presentes, o Brasil tem todas as condi\u00e7\u00f5es de se consolidar como protagonista mundial em ambas as frentes.<\/p>\n<p style=\"text-align:justify\">\u00a0<\/p>\n<\/p><\/div>\n<p><script data-cfasync=\"false\">\n    !function (f, b, e, v, n, t, s) {\n        if (f.fbq) return; n = f.fbq = function () {\n            n.callMethod ?\n                n.callMethod.apply(n, arguments) : n.queue.push(arguments)\n        };\n        if (!f._fbq) f._fbq = n; n.push = n; n.loaded = !0; n.version = '2.0';\n        n.queue = []; t = b.createElement(e); t.async = !0;\n        t.src = v; s = b.getElementsByTagName(e)[0];\n        s.parentNode.insertBefore(t, s)\n    }(window, document, 'script',\n        'https:\/\/connect.facebook.net\/en_US\/fbevents.js');\n    fbq('init', '522546078623747');\n    fbq('track', 'PageView');\n<\/script><br \/>\n<br \/><br \/>\n<br \/><a href=\"https:\/\/www.agrolink.com.br\/noticias\/biodiesel--etanol-e-proteinas--brasil-quer-ser-protagonista-em-alimento-e-energia-limpa_505164.html\">Source link <\/a><\/p>\n","protected":false},"excerpt":{"rendered":"<p>Na manh\u00e3 de quinta-feira, 21 de agosto, a Confedera\u00e7\u00e3o da Agricultura e Pecu\u00e1ria do Brasil (CNA) sediou o Semin\u00e1rio Cadeia<\/p>\n","protected":false},"author":1,"featured_media":18934,"comment_status":"open","ping_status":"open","sticky":false,"template":"","format":"standard","meta":{"_monsterinsights_skip_tracking":false,"_monsterinsights_sitenote_active":false,"_monsterinsights_sitenote_note":"","_monsterinsights_sitenote_category":0,"_uf_show_specific_survey":0,"_uf_disable_surveys":false,"footnotes":""},"categories":[8,1,14],"tags":[],"class_list":["post-18933","post","type-post","status-publish","format-standard","has-post-thumbnail","hentry","category-agro","category-news","category-politica-agro"],"_links":{"self":[{"href":"https:\/\/agromt.news\/index.php?rest_route=\/wp\/v2\/posts\/18933"}],"collection":[{"href":"https:\/\/agromt.news\/index.php?rest_route=\/wp\/v2\/posts"}],"about":[{"href":"https:\/\/agromt.news\/index.php?rest_route=\/wp\/v2\/types\/post"}],"author":[{"embeddable":true,"href":"https:\/\/agromt.news\/index.php?rest_route=\/wp\/v2\/users\/1"}],"replies":[{"embeddable":true,"href":"https:\/\/agromt.news\/index.php?rest_route=%2Fwp%2Fv2%2Fcomments&post=18933"}],"version-history":[{"count":0,"href":"https:\/\/agromt.news\/index.php?rest_route=\/wp\/v2\/posts\/18933\/revisions"}],"wp:featuredmedia":[{"embeddable":true,"href":"https:\/\/agromt.news\/index.php?rest_route=\/wp\/v2\/media\/18934"}],"wp:attachment":[{"href":"https:\/\/agromt.news\/index.php?rest_route=%2Fwp%2Fv2%2Fmedia&parent=18933"}],"wp:term":[{"taxonomy":"category","embeddable":true,"href":"https:\/\/agromt.news\/index.php?rest_route=%2Fwp%2Fv2%2Fcategories&post=18933"},{"taxonomy":"post_tag","embeddable":true,"href":"https:\/\/agromt.news\/index.php?rest_route=%2Fwp%2Fv2%2Ftags&post=18933"}],"curies":[{"name":"wp","href":"https:\/\/api.w.org\/{rel}","templated":true}]}}