{"id":18932,"date":"2025-08-21T06:12:33","date_gmt":"2025-08-21T10:12:33","guid":{"rendered":"https:\/\/agromt.news\/?p=18932"},"modified":"2025-08-21T06:12:33","modified_gmt":"2025-08-21T10:12:33","slug":"custo-do-milho-atinge-maior-nivel-em-tres-safras-e-pressiona-rentabilidade-do-produtor-em-mt","status":"publish","type":"post","link":"https:\/\/agromt.news\/?p=18932","title":{"rendered":"Custo do milho atinge maior n\u00edvel em tr\u00eas safras e pressiona rentabilidade do produtor em MT"},"content":{"rendered":"<p> <br \/>\n<\/p>\n<div>\n<div class=\"row\">\n<div class=\"col-lg col-infos mt-0 mt-lg-0\">\n<div class=\"section-sub-title\">\n<p itemprop=\"description\">&#13;<br \/>\n                                Alta de insumos eleva ponto de equil\u00edbrio e exige pre\u00e7o m\u00ednimo de R$ 39,88\/sc&#13;\n                            <\/p>\n<\/p><\/div>\n<div class=\"container\">\n<div class=\"row\">\n<div class=\"col-lg p-0\">\n<div>\n<div class=\"block-news-main-infos mt-3 text-start\">\n<p>                                            <strong class=\"fn\" itemprop=\"author\" style=\"color: rgb(112, 112, 112); \">&#13;<br \/>\n                                                <a href=\"https:\/\/www.agrolink.com.br\/noticias\/javascript:;\" class=\"text-uppercase\" target=\"_blank\" style=\"color: rgb(112, 112, 112); \" rel=\"noopener\">Agrolink<\/a>&#13;<br \/>\n&#13;<br \/>\n                                                    &#8211; Aline Merladete&#13;<br \/>\n&#13;<br \/>\n                                            <\/strong><br \/>\n                                        <\/p>\n<p>                                            <abbr><time datetime=\"2025-08-19T13:47\" itemprop=\"datePublished dateModified\">Publicado em 19\/08\/2025 \u00e0s 13:47h.<\/time><\/abbr><br \/>\n                                            <\/p><\/div>\n<\/p><\/div>\n<\/p><\/div>\n<div class=\"col-lg p-0 text-lg-end\">\n<div>\n<div id=\"mdEnviarPagina\" class=\"modal fade\" role=\"dialog\">\n<div class=\"modal-dialog\">\n<div class=\"modal-content\">\n<div class=\"modal-body\">\n<p><strong>Estimado usu\u00e1rio.<\/strong><br \/>Preencha o formul\u00e1rio abaixo para remeter a p\u00e1gina.<\/p>\n<\/p><\/div>\n<\/p><\/div>\n<\/p><\/div>\n<\/div><\/div>\n<\/p><\/div>\n<\/p><\/div>\n<\/p><\/div>\n<\/p><\/div>\n<\/p><\/div>\n<div class=\"row justify-content-md-center mt-3\">\n<div class=\"col-lg-auto col-image block-news-main-image\">\n<p>                                <img decoding=\"async\" src=\"https:\/\/www.agrolink.com.br\/upload\/imagens-resizes\/591b5e9c67f647dfb543b3418fa0d20f_858x483.jpg\" class=\"lazyload img-fluid\"\/><br \/>\n                                                <span class=\"publicity-photo d-block mt-1\">Foto: Divulga\u00e7\u00e3o<\/span><\/p><\/div>\n<\/p><\/div>\n<div class=\"section-description section-description-noticias mt-3\">\n<p style=\"text-align:justify\">O produtor mato-grossense de <a href=\"https:\/\/www.agrolink.com.br\/culturas\/milho?utm_source=agrolink-detalhe-noticia&amp;utm_medium=detalhe-noticia&amp;utm_campaign=links-internos&#9;\" target=\"_blank\" rel=\"noopener\">milho<\/a> ter\u00e1 um desafio adicional na pr\u00f3xima safra. De acordo com informa\u00e7\u00f5es divulgadas pelo Instituto Mato-Grossense de Economia Agropecu\u00e1ria (Imea), por meio do projeto CPA-MT, o custo de produ\u00e7\u00e3o do <a href=\"https:\/\/www.agrolink.com.br\/culturas\/milho?utm_source=agrolink-detalhe-noticia&amp;utm_medium=detalhe-noticia&amp;utm_campaign=links-internos&#9;\" target=\"_blank\" rel=\"noopener\">milho<\/a> para a temporada 2025\/26 fechou o m\u00eas de julho em R$ 3.279,54 por hectare, representando um avan\u00e7o de 1,37% em rela\u00e7\u00e3o ao m\u00eas anterior.&#13;\n<\/p>\n<p style=\"text-align:justify\">Esse acr\u00e9scimo, embora aparentemente discreto, foi impulsionado por reajustes nos pre\u00e7os de insumos estrat\u00e9gicos: sementes (+1,09%) e corretivos e fertilizantes (+2,41%). Como reflexo direto, o Custo Operacional Efetivo (COE) tamb\u00e9m subiu, alcan\u00e7ando R$ 4.767,00 por hectare \u2014 eleva\u00e7\u00e3o de 1,01% frente ao relat\u00f3rio de junho.&#13;\n<\/p>\n<p style=\"text-align:justify\">Com o avan\u00e7o das despesas, o ponto de equil\u00edbrio para o produtor modal tamb\u00e9m foi ajustado. Considerando uma produtividade m\u00e9dia de 119,54 sacas por hectare (m\u00e9dia das \u00faltimas tr\u00eas safras), ser\u00e1 necess\u00e1rio negociar o milho a, no m\u00ednimo, R$ 39,88 por saca para cobrir os custos operacionais.&#13;\n<\/p>\n<p style=\"text-align:justify\">Segundo o Imea, esse \u00e9 o maior ponto de equil\u00edbrio registrado nas \u00faltimas tr\u00eas safras \u2014 um alerta claro de que o ambiente de produ\u00e7\u00e3o est\u00e1 mais sens\u00edvel e demandando aten\u00e7\u00e3o redobrada \u00e0 gest\u00e3o de custos e estrat\u00e9gias comerciais.<\/p>\n<p style=\"text-align:justify\">\u201cA press\u00e3o sobre os pre\u00e7os e a necessidade de maior produtividade refor\u00e7am a import\u00e2ncia de o produtor acompanhar de perto as movimenta\u00e7\u00f5es de mercado e buscar efici\u00eancia operacional\u201d, destaca o instituto.<\/p>\n<p style=\"text-align:justify\">\u00a0<\/p>\n<\/p><\/div>\n<\/p><\/div>\n<p><script data-cfasync=\"false\">\n    !function (f, b, e, v, n, t, s) {\n        if (f.fbq) return; n = f.fbq = function () {\n            n.callMethod ?\n                n.callMethod.apply(n, arguments) : n.queue.push(arguments)\n        };\n        if (!f._fbq) f._fbq = n; n.push = n; n.loaded = !0; n.version = '2.0';\n        n.queue = []; t = b.createElement(e); t.async = !0;\n        t.src = v; s = b.getElementsByTagName(e)[0];\n        s.parentNode.insertBefore(t, s)\n    }(window, document, 'script',\n        'https:\/\/connect.facebook.net\/en_US\/fbevents.js');\n    fbq('init', '522546078623747');\n    fbq('track', 'PageView');\n<\/script><br \/>\n<br \/><br \/>\n<br \/><a href=\"https:\/\/www.agrolink.com.br\/noticias\/custo-do-milho-atinge-maior-nivel-em-tres-safras-e-pressiona-rentabilidade-do-produtor-em-mt_505081.html\">Source link <\/a><\/p>\n","protected":false},"excerpt":{"rendered":"<p>&#13; Alta de insumos eleva ponto de equil\u00edbrio e exige pre\u00e7o m\u00ednimo de R$ 39,88\/sc&#13; &#13; Agrolink&#13; &#13; &#8211; Aline<\/p>\n","protected":false},"author":1,"featured_media":1496,"comment_status":"open","ping_status":"open","sticky":false,"template":"","format":"standard","meta":{"_monsterinsights_skip_tracking":false,"_monsterinsights_sitenote_active":false,"_monsterinsights_sitenote_note":"","_monsterinsights_sitenote_category":0,"_uf_show_specific_survey":0,"_uf_disable_surveys":false,"footnotes":""},"categories":[8,1,14],"tags":[],"class_list":["post-18932","post","type-post","status-publish","format-standard","has-post-thumbnail","hentry","category-agro","category-news","category-politica-agro"],"_links":{"self":[{"href":"https:\/\/agromt.news\/index.php?rest_route=\/wp\/v2\/posts\/18932"}],"collection":[{"href":"https:\/\/agromt.news\/index.php?rest_route=\/wp\/v2\/posts"}],"about":[{"href":"https:\/\/agromt.news\/index.php?rest_route=\/wp\/v2\/types\/post"}],"author":[{"embeddable":true,"href":"https:\/\/agromt.news\/index.php?rest_route=\/wp\/v2\/users\/1"}],"replies":[{"embeddable":true,"href":"https:\/\/agromt.news\/index.php?rest_route=%2Fwp%2Fv2%2Fcomments&post=18932"}],"version-history":[{"count":0,"href":"https:\/\/agromt.news\/index.php?rest_route=\/wp\/v2\/posts\/18932\/revisions"}],"wp:featuredmedia":[{"embeddable":true,"href":"https:\/\/agromt.news\/index.php?rest_route=\/wp\/v2\/media\/1496"}],"wp:attachment":[{"href":"https:\/\/agromt.news\/index.php?rest_route=%2Fwp%2Fv2%2Fmedia&parent=18932"}],"wp:term":[{"taxonomy":"category","embeddable":true,"href":"https:\/\/agromt.news\/index.php?rest_route=%2Fwp%2Fv2%2Fcategories&post=18932"},{"taxonomy":"post_tag","embeddable":true,"href":"https:\/\/agromt.news\/index.php?rest_route=%2Fwp%2Fv2%2Ftags&post=18932"}],"curies":[{"name":"wp","href":"https:\/\/api.w.org\/{rel}","templated":true}]}}