{"id":18926,"date":"2025-08-21T00:19:35","date_gmt":"2025-08-21T04:19:35","guid":{"rendered":"https:\/\/agromt.news\/?p=18926"},"modified":"2025-08-21T00:19:35","modified_gmt":"2025-08-21T04:19:35","slug":"em-nota-brasil-rebate-alegacoes-dos-eua-sobre-comercio","status":"publish","type":"post","link":"https:\/\/agromt.news\/?p=18926","title":{"rendered":"Em nota, Brasil rebate alega\u00e7\u00f5es dos EUA sobre com\u00e9rcio"},"content":{"rendered":"<p> <br \/>\n<\/p>\n<div>\n<p style=\"text-align:justify\">O governo brasileiro apresentou nesta segunda-feira (18) coment\u00e1rios escritos ao Escrit\u00f3rio do Representante Comercial dos Estados Unidos (USTR), no \u00e2mbito da investiga\u00e7\u00e3o aberta contra pol\u00edticas brasileiras, amparada na Se\u00e7\u00e3o 301 da Lei de Com\u00e9rcio dos EUA de 1974. A elabora\u00e7\u00e3o do documento foi coordenada pelo Itamaraty, com participa\u00e7\u00e3o de diferentes minist\u00e9rios e consultas ao setor privado.&#13;\n<\/p>\n<p style=\"text-align:justify\">De acordo com o Minist\u00e9rio das Rela\u00e7\u00f5es Exteriores, a manifesta\u00e7\u00e3o do Brasil mostra que as alega\u00e7\u00f5es norte-americanas s\u00e3o improcedentes. O texto afirma que as pol\u00edticas nacionais em an\u00e1lise s\u00e3o transparentes, n\u00e3o discriminat\u00f3rias e compat\u00edveis tanto com as melhores pr\u00e1ticas internacionais quanto com as obriga\u00e7\u00f5es do Pa\u00eds perante a Organiza\u00e7\u00e3o Mundial do Com\u00e9rcio (OMC).<\/p>\n<p style=\"text-align:justify\">Na manifesta\u00e7\u00e3o, o governo brasileiro tamb\u00e9m reiterou que n\u00e3o reconhece a legitimidade de instrumentos unilaterais como a Se\u00e7\u00e3o 301. Para o Itamaraty, esses mecanismos \u201cs\u00e3o inconsistentes com as regras e o sistema de solu\u00e7\u00e3o de controv\u00e9rsias da Organiza\u00e7\u00e3o Mundial do Com\u00e9rcio (OMC)\u201d. O minist\u00e9rio ressaltou ainda que a participa\u00e7\u00e3o do Brasil no processo ocorre em \u201cesp\u00edrito de di\u00e1logo e de esclarecimento de fatos\u201d e n\u00e3o constitui reconhecimento da validade do procedimento.<\/p>\n<p style=\"text-align:justify\">Segundo a chancelaria, a premissa de preju\u00edzo ao com\u00e9rcio dos Estados Unidos \u201c\u00e9 inver\u00eddica, sendo contraditada pelos fatos e pelas estat\u00edsticas dispon\u00edveis\u201d. O Itamaraty destacou que h\u00e1, na realidade, \u201cexpressivo e crescente super\u00e1vit comercial em favor dos EUA na rela\u00e7\u00e3o com o Brasil\u201d.&#13;\n<\/p>\n<p style=\"text-align:justify\">A investiga\u00e7\u00e3o, de car\u00e1ter unilateral, foi anunciada em 15 de julho de 2025 e abrange temas como com\u00e9rcio digital \u2014 incluindo o Pix \u2014, tarifas preferenciais, prote\u00e7\u00e3o da propriedade intelectual, acesso ao mercado de etanol, aplica\u00e7\u00e3o de leis anticorrup\u00e7\u00e3o e desmatamento.<\/p>\n<p style=\"text-align:justify\">Em nota, o governo brasileiro reafirmou disposi\u00e7\u00e3o em tratar de quest\u00f5es econ\u00f4micas e comerciais \u201cde forma construtiva e por meio do di\u00e1logo nos foros apropriados\u201d.<\/p>\n<p style=\"text-align:justify\">Durante audi\u00eancia p\u00fablica na Comiss\u00e3o de Desenvolvimento Econ\u00f4mico da C\u00e2mara dos Deputados, realizada em 13 de agosto, a secret\u00e1ria de Com\u00e9rcio Exterior, Tatiana Prazeres, refor\u00e7ou o interesse do governo federal em buscar negocia\u00e7\u00e3o com os Estados Unidos. \u201cO Brasil n\u00e3o \u00e9 um problema comercial para os Estados Unidos. Estamos muito empenhados em comunicar ao lado americano que de fato a rela\u00e7\u00e3o comercial Brasil \u00e9 um ganha-ganha, que interessa aos dois pa\u00edses. H\u00e1 muita complementaridade econ\u00f4mica. Isso gera emprego e investimentos para os dois lados, de maneira que \u00e9 importante valorizar essa rela\u00e7\u00e3o comercial\u201d, afirmou.<\/p>\n<p style=\"text-align:justify\">Dados oficiais refor\u00e7am essa posi\u00e7\u00e3o. Segundo o Minist\u00e9rio do Desenvolvimento, Ind\u00fastria, Com\u00e9rcio e Servi\u00e7os (MDIC), os Estados Unidos mant\u00eam super\u00e1vit expressivo na rela\u00e7\u00e3o bilateral. Em 2024, considerando bens e servi\u00e7os, o saldo favor\u00e1vel aos norte-americanos foi de quase US$ 30 bilh\u00f5es. As exporta\u00e7\u00f5es brasileiras de bens para os EUA somaram US$ 40,3 bilh\u00f5es, enquanto as importa\u00e7\u00f5es alcan\u00e7aram US$ 40,6 bilh\u00f5es.&#13;\n<\/p>\n<\/p><\/div>\n<p><script data-cfasync=\"false\">\n    !function (f, b, e, v, n, t, s) {\n        if (f.fbq) return; n = f.fbq = function () {\n            n.callMethod ?\n                n.callMethod.apply(n, arguments) : n.queue.push(arguments)\n        };\n        if (!f._fbq) f._fbq = n; n.push = n; n.loaded = !0; n.version = '2.0';\n        n.queue = []; t = b.createElement(e); t.async = !0;\n        t.src = v; s = b.getElementsByTagName(e)[0];\n        s.parentNode.insertBefore(t, s)\n    }(window, document, 'script',\n        'https:\/\/connect.facebook.net\/en_US\/fbevents.js');\n    fbq('init', '522546078623747');\n    fbq('track', 'PageView');\n<\/script><br \/>\n<br \/><br \/>\n<br \/><a href=\"https:\/\/www.agrolink.com.br\/noticias\/em-nota--brasil-rebate-alegacoes-dos-eua-sobre-comercio_505085.html\">Source link <\/a><\/p>\n","protected":false},"excerpt":{"rendered":"<p>O governo brasileiro apresentou nesta segunda-feira (18) coment\u00e1rios escritos ao Escrit\u00f3rio do Representante Comercial dos Estados Unidos (USTR), no \u00e2mbito<\/p>\n","protected":false},"author":1,"featured_media":18927,"comment_status":"open","ping_status":"open","sticky":false,"template":"","format":"standard","meta":{"_monsterinsights_skip_tracking":false,"_monsterinsights_sitenote_active":false,"_monsterinsights_sitenote_note":"","_monsterinsights_sitenote_category":0,"_uf_show_specific_survey":0,"_uf_disable_surveys":false,"footnotes":""},"categories":[8,1,14],"tags":[],"class_list":["post-18926","post","type-post","status-publish","format-standard","has-post-thumbnail","hentry","category-agro","category-news","category-politica-agro"],"_links":{"self":[{"href":"https:\/\/agromt.news\/index.php?rest_route=\/wp\/v2\/posts\/18926"}],"collection":[{"href":"https:\/\/agromt.news\/index.php?rest_route=\/wp\/v2\/posts"}],"about":[{"href":"https:\/\/agromt.news\/index.php?rest_route=\/wp\/v2\/types\/post"}],"author":[{"embeddable":true,"href":"https:\/\/agromt.news\/index.php?rest_route=\/wp\/v2\/users\/1"}],"replies":[{"embeddable":true,"href":"https:\/\/agromt.news\/index.php?rest_route=%2Fwp%2Fv2%2Fcomments&post=18926"}],"version-history":[{"count":0,"href":"https:\/\/agromt.news\/index.php?rest_route=\/wp\/v2\/posts\/18926\/revisions"}],"wp:featuredmedia":[{"embeddable":true,"href":"https:\/\/agromt.news\/index.php?rest_route=\/wp\/v2\/media\/18927"}],"wp:attachment":[{"href":"https:\/\/agromt.news\/index.php?rest_route=%2Fwp%2Fv2%2Fmedia&parent=18926"}],"wp:term":[{"taxonomy":"category","embeddable":true,"href":"https:\/\/agromt.news\/index.php?rest_route=%2Fwp%2Fv2%2Fcategories&post=18926"},{"taxonomy":"post_tag","embeddable":true,"href":"https:\/\/agromt.news\/index.php?rest_route=%2Fwp%2Fv2%2Ftags&post=18926"}],"curies":[{"name":"wp","href":"https:\/\/api.w.org\/{rel}","templated":true}]}}