{"id":18925,"date":"2025-08-20T21:40:37","date_gmt":"2025-08-21T01:40:37","guid":{"rendered":"https:\/\/agromt.news\/?p=18925"},"modified":"2025-08-20T21:40:37","modified_gmt":"2025-08-21T01:40:37","slug":"confinamento-no-mato-grosso-deve-subir-384-em-2025","status":"publish","type":"post","link":"https:\/\/agromt.news\/?p=18925","title":{"rendered":"Confinamento no Mato Grosso deve subir 3,84% em 2025"},"content":{"rendered":"<p> <br \/>\n<\/p>\n<div>\n<div class=\"row\">\n<div class=\"col-lg col-infos mt-0 mt-lg-0\">\n<div class=\"section-sub-title\">\n<p itemprop=\"description\">&#13;<br \/>\n                                Rela\u00e7\u00e3o de troca favorece confinadores em 2025&#13;\n                            <\/p>\n<\/p><\/div>\n<div class=\"container\">\n<div class=\"row\">\n<div class=\"col-lg p-0\">\n<div>\n<div class=\"block-news-main-infos mt-3 text-start\">\n<p>                                            <strong class=\"fn\" itemprop=\"author\" style=\"color: rgb(112, 112, 112); \">&#13;<br \/>\n                                                <a href=\"https:\/\/www.agrolink.com.br\/noticias\/javascript:;\" class=\"text-uppercase\" target=\"_blank\" style=\"color: rgb(112, 112, 112); \" rel=\"noopener\">Agrolink<\/a>&#13;<br \/>\n&#13;<br \/>\n                                                    &#8211; Seane Lennon&#13;<br \/>\n&#13;<br \/>\n                                            <\/strong><br \/>\n                                        <\/p>\n<p>                                            <abbr><time datetime=\"2025-08-19T15:07\" itemprop=\"datePublished dateModified\">Publicado em 19\/08\/2025 \u00e0s 15:07h.<\/time><\/abbr><br \/>\n                                            <\/p><\/div>\n<\/p><\/div>\n<\/p><\/div>\n<div class=\"col-lg p-0 text-lg-end\">\n<div>\n<div id=\"mdEnviarPagina\" class=\"modal fade\" role=\"dialog\">\n<div class=\"modal-dialog\">\n<div class=\"modal-content\">\n<div class=\"modal-body\">\n<p><strong>Estimado usu\u00e1rio.<\/strong><br \/>Preencha o formul\u00e1rio abaixo para remeter a p\u00e1gina.<\/p>\n<\/p><\/div>\n<\/p><\/div>\n<\/p><\/div>\n<\/div><\/div>\n<\/p><\/div>\n<\/p><\/div>\n<\/p><\/div>\n<\/p><\/div>\n<\/p><\/div>\n<div class=\"row justify-content-md-center mt-3\">\n<div class=\"col-lg-auto col-image block-news-main-image\">\n<p>                                <img decoding=\"async\" src=\"https:\/\/www.agrolink.com.br\/upload\/imagens-resizes\/ee983033026a466c8d600433987b5e89_858x483.jpg\" class=\"lazyload img-fluid\"\/><br \/>\n                                                <span class=\"publicity-photo d-block mt-1\">Foto: Divulga\u00e7\u00e3o<\/span><\/p><\/div>\n<\/p><\/div>\n<div class=\"section-description section-description-noticias mt-3\">\n<p style=\"text-align:justify\">Segundo a an\u00e1lise semanal divulgada nesta segunda-feira (18) pelo Instituto Mato-grossense de Economia Agropecu\u00e1ria (Imea), a expectativa \u00e9 de que 926,78 mil animais sejam confinados em Mato Grosso ao longo de 2025. O resultado representa alta anual de 3,84% entre os 116 participantes da pesquisa.&#13;\n<\/p>\n<p style=\"text-align:justify\">De acordo com o Imea, o crescimento \u00e9 reflexo da melhora na margem da atividade, impulsionada pela recupera\u00e7\u00e3o nos pre\u00e7os do boi gordo. No primeiro semestre de 2025, as cota\u00e7\u00f5es subiram 47,06% em rela\u00e7\u00e3o ao mesmo per\u00edodo do ano passado, passando de R$ 209,74\/@ para R$ 308,44\/@ na m\u00e9dia.&#13;\n<\/p>\n<p style=\"text-align:justify\">O levantamento mostra que o custo da di\u00e1ria confinada avan\u00e7ou 11,93%, encerrando em R$ 13,25 por cabe\u00e7a ao dia. Apesar da eleva\u00e7\u00e3o no custo alimentar, o instituto destacou que a maior recupera\u00e7\u00e3o no pre\u00e7o do boi gordo frente ao milho favoreceu a rela\u00e7\u00e3o de troca, que alcan\u00e7ou 5,52 sacas por arroba neste ano.&#13;\n<\/p>\n<p style=\"text-align:justify\">O Imea informou ainda que o cen\u00e1rio abriu \u201cuma boa janela de compra de insumos, aproveitada pelos confinadores, que j\u00e1 negociaram cerca de 80,00% do volume necess\u00e1rio\u201d.<\/p>\n<p style=\"text-align:justify\">Por fim, o instituto avaliou que o volume confinado pode crescer al\u00e9m do previsto, em raz\u00e3o da \u201cperspectiva de alta nos pre\u00e7os do boi gordo para o segundo semestre\u201d.<\/p>\n<\/p><\/div>\n<\/p><\/div>\n<p><script data-cfasync=\"false\">\n    !function (f, b, e, v, n, t, s) {\n        if (f.fbq) return; n = f.fbq = function () {\n            n.callMethod ?\n                n.callMethod.apply(n, arguments) : n.queue.push(arguments)\n        };\n        if (!f._fbq) f._fbq = n; n.push = n; n.loaded = !0; n.version = '2.0';\n        n.queue = []; t = b.createElement(e); t.async = !0;\n        t.src = v; s = b.getElementsByTagName(e)[0];\n        s.parentNode.insertBefore(t, s)\n    }(window, document, 'script',\n        'https:\/\/connect.facebook.net\/en_US\/fbevents.js');\n    fbq('init', '522546078623747');\n    fbq('track', 'PageView');\n<\/script><br \/>\n<br \/><br \/>\n<br \/><a href=\"https:\/\/www.agrolink.com.br\/noticias\/confinamento-no-mato-grosso-deve-subir-3-84--em-2025_505086.html\">Source link <\/a><\/p>\n","protected":false},"excerpt":{"rendered":"<p>&#13; Rela\u00e7\u00e3o de troca favorece confinadores em 2025&#13; &#13; Agrolink&#13; &#13; &#8211; Seane Lennon&#13; &#13; Publicado em 19\/08\/2025 \u00e0s 15:07h.<\/p>\n","protected":false},"author":1,"featured_media":8024,"comment_status":"open","ping_status":"open","sticky":false,"template":"","format":"standard","meta":{"_monsterinsights_skip_tracking":false,"_monsterinsights_sitenote_active":false,"_monsterinsights_sitenote_note":"","_monsterinsights_sitenote_category":0,"_uf_show_specific_survey":0,"_uf_disable_surveys":false,"footnotes":""},"categories":[8,1,14],"tags":[],"class_list":["post-18925","post","type-post","status-publish","format-standard","has-post-thumbnail","hentry","category-agro","category-news","category-politica-agro"],"_links":{"self":[{"href":"https:\/\/agromt.news\/index.php?rest_route=\/wp\/v2\/posts\/18925"}],"collection":[{"href":"https:\/\/agromt.news\/index.php?rest_route=\/wp\/v2\/posts"}],"about":[{"href":"https:\/\/agromt.news\/index.php?rest_route=\/wp\/v2\/types\/post"}],"author":[{"embeddable":true,"href":"https:\/\/agromt.news\/index.php?rest_route=\/wp\/v2\/users\/1"}],"replies":[{"embeddable":true,"href":"https:\/\/agromt.news\/index.php?rest_route=%2Fwp%2Fv2%2Fcomments&post=18925"}],"version-history":[{"count":0,"href":"https:\/\/agromt.news\/index.php?rest_route=\/wp\/v2\/posts\/18925\/revisions"}],"wp:featuredmedia":[{"embeddable":true,"href":"https:\/\/agromt.news\/index.php?rest_route=\/wp\/v2\/media\/8024"}],"wp:attachment":[{"href":"https:\/\/agromt.news\/index.php?rest_route=%2Fwp%2Fv2%2Fmedia&parent=18925"}],"wp:term":[{"taxonomy":"category","embeddable":true,"href":"https:\/\/agromt.news\/index.php?rest_route=%2Fwp%2Fv2%2Fcategories&post=18925"},{"taxonomy":"post_tag","embeddable":true,"href":"https:\/\/agromt.news\/index.php?rest_route=%2Fwp%2Fv2%2Ftags&post=18925"}],"curies":[{"name":"wp","href":"https:\/\/api.w.org\/{rel}","templated":true}]}}