{"id":18921,"date":"2025-08-20T19:43:56","date_gmt":"2025-08-20T23:43:56","guid":{"rendered":"https:\/\/agromt.news\/?p=18921"},"modified":"2025-08-20T19:43:56","modified_gmt":"2025-08-20T23:43:56","slug":"entenda-por-que-a-moratoria-da-soja-foi-suspensa-pelo-cade","status":"publish","type":"post","link":"https:\/\/agromt.news\/?p=18921","title":{"rendered":"entenda por que a Morat\u00f3ria da Soja foi suspensa pelo Cade"},"content":{"rendered":"<p> <br \/>\n<\/p>\n<div>\n<div class=\"row\">\n<div class=\"col-lg col-infos mt-0 mt-lg-0\">\n<div class=\"section-sub-title\">\n<p itemprop=\"description\">&#13;<br \/>\n                                Acordo impedia a compra da commodity proveniente de \u00e1reas desmatadas na Amaz\u00f4nia&#13;\n                            <\/p>\n<\/p><\/div>\n<div class=\"container\">\n<div class=\"row\">\n<div class=\"col-lg p-0\">\n<div>\n<div class=\"block-news-main-infos mt-3 text-start\">\n<p>                                            <strong class=\"fn\" itemprop=\"author\" style=\"color: rgb(112, 112, 112); \">&#13;<br \/>\n                                                <a href=\"https:\/\/www.agrolink.com.br\/noticias\/javascript:;\" class=\"text-uppercase\" target=\"_blank\" style=\"color: rgb(112, 112, 112); \" rel=\"noopener\">Agrolink<\/a>&#13;<br \/>\n&#13;<br \/>\n                                                    &#8211; Aline Merladete&#13;<br \/>\n&#13;<br \/>\n                                            <\/strong><br \/>\n                                        <\/p>\n<p>                                            <abbr><time datetime=\"2025-08-19T15:08\" itemprop=\"datePublished dateModified\">Publicado em 19\/08\/2025 \u00e0s 15:08h.<\/time><\/abbr><br \/>\n                                            <\/p><\/div>\n<\/p><\/div>\n<\/p><\/div>\n<div class=\"col-lg p-0 text-lg-end\">\n<div>\n<div id=\"mdEnviarPagina\" class=\"modal fade\" role=\"dialog\">\n<div class=\"modal-dialog\">\n<div class=\"modal-content\">\n<div class=\"modal-body\">\n<p><strong>Estimado usu\u00e1rio.<\/strong><br \/>Preencha o formul\u00e1rio abaixo para remeter a p\u00e1gina.<\/p>\n<\/p><\/div>\n<\/p><\/div>\n<\/p><\/div>\n<\/div><\/div>\n<\/p><\/div>\n<\/p><\/div>\n<\/p><\/div>\n<\/p><\/div>\n<\/p><\/div>\n<div class=\"row justify-content-md-center mt-3\">\n<div class=\"col-lg-auto col-image block-news-main-image\">\n<p>                                <img decoding=\"async\" src=\"https:\/\/www.agrolink.com.br\/upload\/imagens-resizes\/54d09bb85ff648f39185b525cc2d3be4_858x483.jpg\" class=\"lazyload img-fluid\"\/><br \/>\n                                                <span class=\"publicity-photo d-block mt-1\">Foto: Seane Lennon<\/span><\/p><\/div>\n<\/p><\/div>\n<div class=\"section-description section-description-noticias mt-3\">\n<p style=\"text-align:justify\">A recente suspens\u00e3o da Morat\u00f3ria da <a href=\"https:\/\/www.agrolink.com.br\/culturas\/soja?utm_source=agrolink-detalhe-noticia&amp;utm_medium=detalhe-noticia&amp;utm_campaign=links-internos\" target=\"_blank\" rel=\"noopener\">soja<\/a> pelo Conselho Administrativo de Defesa Econ\u00f4mica (Cade) reacendeu discuss\u00f5es sobre a legalidade e os impactos do pacto ambiental firmado em 2006 por grandes tradings globais. O acordo impedia a compra da commodity proveniente de \u00e1reas desmatadas na Amaz\u00f4nia ap\u00f3s julho de 2008, mesmo quando essas \u00e1reas estivessem legalmente aptas para produ\u00e7\u00e3o.&#13;\n<\/p>\n<p style=\"text-align:justify\">Para a advogada L\u00edvia B\u00edscaro Carvalho, do escrit\u00f3rio Diamantino Advogados Associados, o acordo, embora bem-intencionado, ultrapassou os limites legais ao criar restri\u00e7\u00f5es comerciais fora do que est\u00e1 previsto na legisla\u00e7\u00e3o brasileira. \u201cA Morat\u00f3ria da Soja n\u00e3o tem base jur\u00eddica. Ela acaba se sobrepondo ao ordenamento ambiental, que j\u00e1 \u00e9 um dos mais rigorosos do mundo\u201d, afirma a especialista.<\/p>\n<p style=\"text-align:justify\">A decis\u00e3o do Cade, segundo Carvalho, foi baseada no entendimento de que um pacto estabelecido fora dos canais legais e sem respaldo regulat\u00f3rio pode comprometer a livre concorr\u00eancia. \u201cA medida preventiva adotada pelo \u00f3rg\u00e3o restabelece, ao menos temporariamente, o equil\u00edbrio de mercado e a competitividade para os produtores\u201d, completa.&#13;\n<\/p>\n<p style=\"text-align:justify\">Segundo dados divulgados pela Confedera\u00e7\u00e3o da Agricultura e Pecu\u00e1ria do Brasil (CNA), os produtores brasileiros j\u00e1 destinam cerca de 33% do territ\u00f3rio nacional \u00e0 preserva\u00e7\u00e3o ambiental em propriedades privadas, al\u00e9m de cumprirem exig\u00eancias do C\u00f3digo Florestal. A entidade tem refor\u00e7ado que medidas unilaterais como a Morat\u00f3ria criam inseguran\u00e7a jur\u00eddica, penalizam quem cumpre a lei e enfraquecem a imagem da sustentabilidade do agro brasileiro.<\/p>\n<p style=\"text-align:justify\">A investiga\u00e7\u00e3o do Cade sobre os impactos concorrenciais do acordo segue em curso e deve aprofundar o debate sobre a influ\u00eancia de pactos privados no funcionamento do mercado. Enquanto isso, a suspens\u00e3o da morat\u00f3ria pode marcar um divisor de \u00e1guas na rela\u00e7\u00e3o entre compliance ambiental e liberdade econ\u00f4mica no setor agr\u00edcola.&#13;\n<\/p>\n<\/p><\/div>\n<\/p><\/div>\n<p><script data-cfasync=\"false\">\n    !function (f, b, e, v, n, t, s) {\n        if (f.fbq) return; n = f.fbq = function () {\n            n.callMethod ?\n                n.callMethod.apply(n, arguments) : n.queue.push(arguments)\n        };\n        if (!f._fbq) f._fbq = n; n.push = n; n.loaded = !0; n.version = '2.0';\n        n.queue = []; t = b.createElement(e); t.async = !0;\n        t.src = v; s = b.getElementsByTagName(e)[0];\n        s.parentNode.insertBefore(t, s)\n    }(window, document, 'script',\n        'https:\/\/connect.facebook.net\/en_US\/fbevents.js');\n    fbq('init', '522546078623747');\n    fbq('track', 'PageView');\n<\/script><br \/>\n<br \/><br \/>\n<br \/><a href=\"https:\/\/www.agrolink.com.br\/noticias\/acordo-sem-respaldo-legal--entenda-por-que-a-moratoria-da-soja-foi-suspensa-pelo-cade_505087.html\">Source link <\/a><\/p>\n","protected":false},"excerpt":{"rendered":"<p>&#13; Acordo impedia a compra da commodity proveniente de \u00e1reas desmatadas na Amaz\u00f4nia&#13; &#13; Agrolink&#13; &#13; &#8211; Aline Merladete&#13; &#13;<\/p>\n","protected":false},"author":1,"featured_media":9455,"comment_status":"open","ping_status":"open","sticky":false,"template":"","format":"standard","meta":{"_monsterinsights_skip_tracking":false,"_monsterinsights_sitenote_active":false,"_monsterinsights_sitenote_note":"","_monsterinsights_sitenote_category":0,"_uf_show_specific_survey":0,"_uf_disable_surveys":false,"footnotes":""},"categories":[8,1,14],"tags":[],"class_list":["post-18921","post","type-post","status-publish","format-standard","has-post-thumbnail","hentry","category-agro","category-news","category-politica-agro"],"_links":{"self":[{"href":"https:\/\/agromt.news\/index.php?rest_route=\/wp\/v2\/posts\/18921"}],"collection":[{"href":"https:\/\/agromt.news\/index.php?rest_route=\/wp\/v2\/posts"}],"about":[{"href":"https:\/\/agromt.news\/index.php?rest_route=\/wp\/v2\/types\/post"}],"author":[{"embeddable":true,"href":"https:\/\/agromt.news\/index.php?rest_route=\/wp\/v2\/users\/1"}],"replies":[{"embeddable":true,"href":"https:\/\/agromt.news\/index.php?rest_route=%2Fwp%2Fv2%2Fcomments&post=18921"}],"version-history":[{"count":0,"href":"https:\/\/agromt.news\/index.php?rest_route=\/wp\/v2\/posts\/18921\/revisions"}],"wp:featuredmedia":[{"embeddable":true,"href":"https:\/\/agromt.news\/index.php?rest_route=\/wp\/v2\/media\/9455"}],"wp:attachment":[{"href":"https:\/\/agromt.news\/index.php?rest_route=%2Fwp%2Fv2%2Fmedia&parent=18921"}],"wp:term":[{"taxonomy":"category","embeddable":true,"href":"https:\/\/agromt.news\/index.php?rest_route=%2Fwp%2Fv2%2Fcategories&post=18921"},{"taxonomy":"post_tag","embeddable":true,"href":"https:\/\/agromt.news\/index.php?rest_route=%2Fwp%2Fv2%2Ftags&post=18921"}],"curies":[{"name":"wp","href":"https:\/\/api.w.org\/{rel}","templated":true}]}}