{"id":18911,"date":"2025-08-20T18:08:57","date_gmt":"2025-08-20T22:08:57","guid":{"rendered":"https:\/\/agromt.news\/?p=18911"},"modified":"2025-08-20T18:08:57","modified_gmt":"2025-08-20T22:08:57","slug":"salao-nacional-do-turismo-2025-acontece-em-sao-paulo","status":"publish","type":"post","link":"https:\/\/agromt.news\/?p=18911","title":{"rendered":"Sal\u00e3o Nacional do Turismo 2025 acontece em S\u00e3o Paulo"},"content":{"rendered":"<p> <br \/>\n<br \/><img decoding=\"async\" src=\"https:\/\/agromt.news\/wp-content\/uploads\/2025\/08\/Salao-Nacional-do-Turismo-2025-acontece-em-Sao-Paulo.jpg\" \/><\/p>\n<div>\n<p>S\u00e3o Paulo recebe a partir de amanh\u00e3 a edi\u00e7\u00e3o 2025 do Sal\u00e3o Nacional do <a href=\"https:\/\/www.canalrural.com.br\/empreendedorismo\/rota-dos-pireneus-conecta-turismo-rural-e-producao-artesanal\/\">Turismo<\/a>, o maior evento do setor no pa\u00eds. O encontro segue at\u00e9 o dia 23 de agosto, no Distrito Anhembi, reunindo experi\u00eancias e representantes de todo o Brasil.<\/p>\n<p>O evento \u00e9 promovido pelo Minist\u00e9rio do Turismo, em parceria com o Sistema S, e conta com a correaliza\u00e7\u00e3o do Governo do Estado de S\u00e3o Paulo e da Prefeitura de S\u00e3o Paulo. Dessa forma, reafirma o protagonismo paulista no cen\u00e1rio tur\u00edstico nacional e fortalece a imagem da cidade como vitrine para o setor.<\/p>\n<h2 class=\"wp-block-heading has-medium-font-size\" id=\"h-expectativa-de-publico-e-programacao-diversificada\">Expectativa de p\u00fablico e programa\u00e7\u00e3o diversificada<\/h2>\n<p>A organiza\u00e7\u00e3o espera receber mais de 30 mil visitantes por dia. Para isso, reunir\u00e1 representantes das 27 unidades federativas, empresas, institui\u00e7\u00f5es e profissionais ligados ao trade tur\u00edstico. Al\u00e9m da diversidade de participantes, a estrutura do evento ter\u00e1 mais de 10 mil m\u00b2 de \u00e1rea, o que garante uma programa\u00e7\u00e3o ampla e interativa.<\/p>\n<\/div>\n<div>\n<p>Nesse espa\u00e7o, o p\u00fablico poder\u00e1 conhecer experi\u00eancias tur\u00edsticas tem\u00e1ticas, explorar a gastronomia e o artesanato regionais e aproveitar pacotes promocionais exclusivos. Haver\u00e1 tamb\u00e9m palestras e oficinas voltadas para o desenvolvimento do setor. Al\u00e9m disso, o destaque ficar\u00e1 por conta do 2\u00ba Feir\u00e3o do Turismo, que trar\u00e1 descontos de at\u00e9 45% em di\u00e1rias de hot\u00e9is e 30% em passagens a\u00e9reas, incentivando viagens em todo o Brasil.<\/p>\n<p>O estado de Goi\u00e1s ter\u00e1 participa\u00e7\u00e3o confirmada no Sal\u00e3o Nacional do Turismo 2025. Durante o evento, apresentar\u00e1 as Rotas Tur\u00edsticas apoiadas pelo <a href=\"https:\/\/sebrae.com.br\/sites\/PortalSebrae\/ufs\/go?codUf=10\">Sebrae GO<\/a>, que foram selecionadas para integrar a mostra nacional do Programa Agente de Roteiro Tur\u00edstico. Assim, os visitantes poder\u00e3o conhecer experi\u00eancias \u00fanicas e vivenciar o potencial do turismo goiano.<\/p>\n<h2 class=\"wp-block-heading has-medium-font-size\" id=\"h-servico-salao-nacional-do-turismo-2025\">Servi\u00e7o \u2013 Sal\u00e3o Nacional do Turismo 2025<\/h2>\n<p>Local: Distrito Anhembi \u2013 Pavilh\u00f5es 1, 2 e 3<br \/>Data: 21 a 23 de agosto de 2025<br \/>Endere\u00e7o: Av. Olavo Fontoura, 1209 \u2013 Santana, S\u00e3o Paulo \u2013 SP<\/p>\n<\/p><\/div>\n<p><br \/>\n<br \/><a href=\"https:\/\/www.canalrural.com.br\/empreendedorismo\/salao-nacional-do-turismo-2025-acontece-em-sao-paulo\/\">Source link <\/a><\/p>\n","protected":false},"excerpt":{"rendered":"<p>S\u00e3o Paulo recebe a partir de amanh\u00e3 a edi\u00e7\u00e3o 2025 do Sal\u00e3o Nacional do Turismo, o maior evento do setor<\/p>\n","protected":false},"author":1,"featured_media":18912,"comment_status":"open","ping_status":"open","sticky":false,"template":"","format":"standard","meta":{"_monsterinsights_skip_tracking":false,"_monsterinsights_sitenote_active":false,"_monsterinsights_sitenote_note":"","_monsterinsights_sitenote_category":0,"_uf_show_specific_survey":0,"_uf_disable_surveys":false,"footnotes":""},"categories":[1],"tags":[],"class_list":["post-18911","post","type-post","status-publish","format-standard","has-post-thumbnail","hentry","category-news"],"_links":{"self":[{"href":"https:\/\/agromt.news\/index.php?rest_route=\/wp\/v2\/posts\/18911"}],"collection":[{"href":"https:\/\/agromt.news\/index.php?rest_route=\/wp\/v2\/posts"}],"about":[{"href":"https:\/\/agromt.news\/index.php?rest_route=\/wp\/v2\/types\/post"}],"author":[{"embeddable":true,"href":"https:\/\/agromt.news\/index.php?rest_route=\/wp\/v2\/users\/1"}],"replies":[{"embeddable":true,"href":"https:\/\/agromt.news\/index.php?rest_route=%2Fwp%2Fv2%2Fcomments&post=18911"}],"version-history":[{"count":0,"href":"https:\/\/agromt.news\/index.php?rest_route=\/wp\/v2\/posts\/18911\/revisions"}],"wp:featuredmedia":[{"embeddable":true,"href":"https:\/\/agromt.news\/index.php?rest_route=\/wp\/v2\/media\/18912"}],"wp:attachment":[{"href":"https:\/\/agromt.news\/index.php?rest_route=%2Fwp%2Fv2%2Fmedia&parent=18911"}],"wp:term":[{"taxonomy":"category","embeddable":true,"href":"https:\/\/agromt.news\/index.php?rest_route=%2Fwp%2Fv2%2Fcategories&post=18911"},{"taxonomy":"post_tag","embeddable":true,"href":"https:\/\/agromt.news\/index.php?rest_route=%2Fwp%2Fv2%2Ftags&post=18911"}],"curies":[{"name":"wp","href":"https:\/\/api.w.org\/{rel}","templated":true}]}}