{"id":18907,"date":"2025-08-20T17:46:02","date_gmt":"2025-08-20T21:46:02","guid":{"rendered":"https:\/\/agromt.news\/?p=18907"},"modified":"2025-08-20T17:46:02","modified_gmt":"2025-08-20T21:46:02","slug":"produtoras-rurais-premiadas-mostram-como-praticas-esg-impulsionam-produtividade","status":"publish","type":"post","link":"https:\/\/agromt.news\/?p=18907","title":{"rendered":"Produtoras rurais premiadas mostram como pr\u00e1ticas ESG impulsionam produtividade"},"content":{"rendered":"<p> <br \/>\n<\/p>\n<div>\n<p style=\"text-align:justify\"><em>Com Serasa Experian como novo apoiador institucional, o Pr\u00eamio Mulheres do Agro refor\u00e7a seu compromisso em reconhecer as boas pr\u00e1ticas sustent\u00e1veis que transformam o agroneg\u00f3cio<\/em><\/p>\n<p style=\"text-align:justify\">O agroneg\u00f3cio brasileiro tem se consolidado como refer\u00eancia global em pr\u00e1ticas sustent\u00e1veis, com 91,8% dos produtores rurais implementando iniciativas alinhadas \u00e0 sustentabilidade, \u00e0 responsabilidade social e \u00e0 governan\u00e7a, segundo pesquisa da Serasa Experian. Al\u00e9m disso, 87% dos entrevistados reconhecem que essas pr\u00e1ticas contribuem diretamente para a redu\u00e7\u00e3o de custos e aumento da produtividade, demonstrando que sustentabilidade e lucratividade podem caminhar juntas.&#13;\n<\/p>\n<p style=\"text-align:justify\">\u00c0 medida que o Brasil se prepara para sediar a COP30 em Bel\u00e9m (PA), hist\u00f3rias inspiradoras de produtoras rurais reconhecidas pelo Pr\u00eamio Mulheres do Agro (PMA), idealizado pela Bayer e pela Associa\u00e7\u00e3o Brasileiro do Agroneg\u00f3cio (Abag), refor\u00e7am como a ado\u00e7\u00e3o de boas pr\u00e1ticas pode gerar impactos positivos n\u00e3o apenas para o meio ambiente, mas tamb\u00e9m para as propriedades. Rossana Aboud, Fl\u00e1via Saldanha e Paula Dias, vencedoras das edi\u00e7\u00f5es anteriores da premia\u00e7\u00e3o, s\u00e3o exemplos concretos de como inova\u00e7\u00e3o e responsabilidade socioambiental podem impulsionar ganhos econ\u00f4micos e otimizar recursos no campo.<\/p>\n<p style=\"text-align:justify\">Rossana Aboud, da Fazenda \u00c1frica, em Teresina (PI), combina tecnologia e sustentabilidade na pecu\u00e1ria de corte. A aduba\u00e7\u00e3o org\u00e2nica, feita com compostagem do pr\u00f3prio esterco do gado, cria um ciclo virtuoso entre solo e rebanho. Ao adubar o pasto com material org\u00e2nico rico em nutrientes, ocorre uma promo\u00e7\u00e3o na microbiota do solo, aumentando sua fertilidade e capacidade de reten\u00e7\u00e3o de \u00e1gua. O que reflete diretamente na qualidade da pastagem, que por sua vez, impacta positivamente o desempenho dos animais.\u00a0<\/p>\n<p style=\"text-align:justify\">Essas pr\u00e1ticas t\u00eam contribu\u00eddo para a efici\u00eancia no uso de recursos, na redu\u00e7\u00e3o de custos operacionais e no aumento da rentabilidade da produ\u00e7\u00e3o. \u201cQuando o gado vive em um ambiente com bem-estar, ou seja, em piquetes rotacionados, com sombra, manejo humanizado e sem estresse, os resultados zoot\u00e9cnicos s\u00e3o superiores. O solo \u00e9 mais vivo e o gado mais saud\u00e1vel\u201d, explica Rossana. \u00a0<\/p>\n<p style=\"text-align:justify\">A segunda colocada na categoria Pequena Propriedade do Pr\u00eamio Mulheres do Agro de 2023, tamb\u00e9m abre as portas de sua fazenda para alunos de escolas locais, oferecendo tours educativos que destacam a produ\u00e7\u00e3o respons\u00e1vel de alimentos e incentivam jovens a enxergar o agroneg\u00f3cio como parte da solu\u00e7\u00e3o para os desafios clim\u00e1ticos. &#8220;Receber jovens em nossa propriedade nos permite plantar neles a ideia de que o agroneg\u00f3cio \u00e9 parte da solu\u00e7\u00e3o para os desafios clim\u00e1ticos&#8221;, destaca.\u00a0&#13;\n<\/p>\n<p style=\"text-align:justify\">J\u00e1 Fl\u00e1via Saldanha, respons\u00e1vel pela Fazenda Calif\u00f3rnia, em Jacarezinho (PR), \u00e9 um caso em cafeicultura regenerativa, pr\u00e1ticas conservacionistas e gest\u00e3o ESG. Sua propriedade, certificada pela Rainforest Alliance, \u00e9 exemplo de como pr\u00e1ticas sustent\u00e1veis agregam valor e visibilidade no mercado global. \u201cAdotar a cafeicultura regenerativa foi uma decis\u00e3o estrat\u00e9gica para unir produtividade e responsabilidade ambiental\u201d, explica.\u00a0<br \/>&#13;<br \/>\nDesde que assumiu a gest\u00e3o da propriedade, em 2004, Fl\u00e1via implementou t\u00e9cnicas como compostagem org\u00e2nica, uso de bioinsumos e corredores ecol\u00f3gicos, resultando em um aumento de quase 30% na produtividade do caf\u00e9 e ganhos significativos. Recentemente, tamb\u00e9m passou a acrescentar o uso de mix de plantas de cobertura do solo nas entrelinhas do caf\u00e9, promovendo ainda mais a sa\u00fade do solo e o equil\u00edbrio do ecossistema.<br \/>&#13;<br \/>\n\u201cEssas pr\u00e1ticas t\u00eam transformado nosso solo, al\u00e9m de aumentar a resili\u00eancia das lavouras e reduzir os impactos das mudan\u00e7as clim\u00e1ticas. Mais do que produzir caf\u00e9 de alta qualidade, queremos mostrar que o agro brasileiro pode ser l\u00edder mundial em solu\u00e7\u00f5es sustent\u00e1veis, inspirar outros produtores e conectar as novas gera\u00e7\u00f5es ao campo por meio da educa\u00e7\u00e3o ambiental\u201d, diz.\u00a0<br \/>&#13;<br \/>\n\u00a0<br \/>&#13;<br \/>\nFl\u00e1via, que foi primeira colocada na categoria Grande Propriedade do Pr\u00eamio Mulheres do Agro de 2023, multiplica as experi\u00eancias na fazenda com os pequenos. O projeto \u201cO Futuro em Nossas M\u00e3os\u201d surgiu a partir da fase escolar de suas filhas. \u00a0\u201cTive um desejo de contribuir ativamente com a forma\u00e7\u00e3o das minhas filhas, e percebi que as crian\u00e7as aprendem temas, como zonas rural e urbana, agricultura, biomas, meio ambiente e preserva\u00e7\u00e3o dos recursos, mas essas informa\u00e7\u00f5es chegavam at\u00e9 elas de forma superficial, especialmente quando se tratava da agricultura. A partir disso, senti que havia uma oportunidade para contribuir com a tem\u00e1tica\u201d, lembra.<br \/>&#13;<br \/>\nAssim, surgiu a ideia de abrir as portas da fazenda e receber alunos e professores para criar um espa\u00e7o de aprendizado pr\u00e1tico, vivencial e l\u00fadico. Atualmente, o projeto tem parceria com universidades, col\u00e9gios t\u00e9cnicos agr\u00edcolas, escolas estaduais, municipais e particulares tanto de Jacarezinho quanto de munic\u00edpios vizinhos. Ele se tornou parte ativa da rotina da Fazenda Calif\u00f3rnia. \u201cRecebemos mensalmente de dois a tr\u00eas grupos escolares. Ao longo do ano, s\u00e3o aproximadamente 900 crian\u00e7as e jovens impactados\u201d, conta.\u00a0<\/p>\n<p style=\"text-align:justify\">Paula Dias, propriet\u00e1ria da Grandpa Joel\u2019s Coffee, em Santa Rita do Sapuca\u00ed (MG), transformou sua propriedade em um modelo de inova\u00e7\u00e3o. Com o objetivo de fortalecer a agricultura regenerativa em sua propriedade, ela investe continuamente na amplia\u00e7\u00e3o de seus conhecimentos por meio de cursos e consultorias especializadas. Pioneira no cultivo de baunilha no Sul de Minas, investe em reflorestamento e preserva\u00e7\u00e3o ambiental, mant\u00e9m uma estufa de mudas nativas e frut\u00edferas que alimenta o ecossistema local e ajuda a proteger esp\u00e9cies como o lobo-guar\u00e1. Al\u00e9m disso, ela doa mudas e sementes para a comunidade e incentiva o reuso criativo de embalagens de caf\u00e9 como vasos para plantio. A combina\u00e7\u00e3o dessas pr\u00e1ticas com t\u00e9cnicas de manejo sustent\u00e1vel resulta em melhorias na qualidade dos produtos, fortalece a percep\u00e7\u00e3o dos clientes sobre a dedica\u00e7\u00e3o da empresa em manter um local de trabalho saud\u00e1vel, consciente e sustent\u00e1vel, e contribui para o crescimento das exporta\u00e7\u00f5es.<br \/>&#13;<br \/>\nPara a segunda colocada na categoria Pequena Propriedade do Pr\u00eamio Mulheres do Agro 2024, cada semente plantada, seja no solo ou na consci\u00eancia das pessoas, \u00e9 uma forma de regenerar a natureza e transformar o futuro. \u201cNosso trabalho com reflorestamento, agricultura regenerativa e educa\u00e7\u00e3o ambiental melhora a biodiversidade local e inspira outras pessoas a se conectarem com a terra e a valorizarem os recursos naturais. Sustentabilidade \u00e9 um ciclo, ou seja, o que devolvemos \u00e0 natureza retorna em forma de produtividade, qualidade e equil\u00edbrio&#8221;, conta. \u00a0<br \/>&#13;<br \/>\n\u00a0<br \/>&#13;<br \/>\nO Pr\u00eamio Mulheres do Agro nasceu para reconhecer e valorizar o protagonismo feminino no campo, destacando hist\u00f3rias inspiradoras de mulheres que aliam inova\u00e7\u00e3o, sustentabilidade e impacto social em suas propriedades.\u00a0<\/p>\n<p style=\"text-align:justify\">Segundo Isabela Fagundes, Especialista em Comunica\u00e7\u00e3o Corporativa da Bayer, anualmente essas hist\u00f3rias ressaltam o protagonismo da agricultura brasileira e a lideran\u00e7a feminina na ado\u00e7\u00e3o de pr\u00e1ticas sustent\u00e1veis e regenerativas no campo. \u201cEsses exemplos n\u00e3o apenas nos colocam como uma refer\u00eancia, mas tamb\u00e9m destacam o setor agr\u00edcola como parte fundamental das solu\u00e7\u00f5es para os desafios de seguran\u00e7a alimentar e ambiental\u201d, diz.\u00a0<br \/>&#13;<br \/>\nEla acrescenta que, em 2025, com a realiza\u00e7\u00e3o da COP30 no Brasil, o pa\u00eds ter\u00e1 a oportunidade de debater metas que impactam o meio ambiente e a sociedade como um todo. &#8220;A COP30 ser\u00e1 um marco para a Bayer, especialmente por ser realizada no Brasil, nosso segundo maior mercado. \u00c9 um momento estrat\u00e9gico para a companhia demonstrar que \u00e9 poss\u00edvel unir alta produtividade e desenvolvimento regional, por meio de projetos sociais, parcerias institucionais, promo\u00e7\u00e3o do conhecimento e solu\u00e7\u00f5es inovadoras em agricultura regenerativa\u201d, acrescenta.\u00a0<br \/>&#13;<br \/>\nSerasa Experian \u00e9 a nova apoiadora institucional do Pr\u00eamio Mulheres do Agro\u00a0<\/p>\n<p style=\"text-align:justify\">A oitava edi\u00e7\u00e3o do Pr\u00eamio Mulheres do Agro chega com uma novidade especial: a Serasa Experian \u00e9 a mais nova apoiadora oficial da premia\u00e7\u00e3o. A parceria refor\u00e7a a relev\u00e2ncia do pilar sustentabilidade no reconhecimento das iniciativas de produtoras rurais em todo o pa\u00eds. Como a primeira e maior Datatech do Brasil, a empresa trar\u00e1 uma ferramenta inovadora para potencializar a avalia\u00e7\u00e3o das pr\u00e1ticas sustent\u00e1veis adotadas pelas candidatas, garantindo ainda mais rigor e transpar\u00eancia ao processo de sele\u00e7\u00e3o.&#13;\n<\/p>\n<p style=\"text-align:justify\">&#8220;Contribuir com a premia\u00e7\u00e3o nessa parceria refor\u00e7a nosso compromisso de seguir valorizando projetos que entregam produtividade, transpar\u00eancia e sustentabilidade ao setor. Al\u00e9m disso, fortalecemos a miss\u00e3o de impulsionar o protagonismo feminino no campo e de mostrar que o futuro do agroneg\u00f3cio brasileiro est\u00e1 nas m\u00e3os de quem cuida da terra, das pessoas e do planeta, consolidando o setor como uma voz essencial na COP 30&#8221;, afirma Jeysa Meneses Gerente de Solu\u00e7\u00f5es Agro da Serasa Experian.<\/p>\n<p style=\"text-align:justify\">&#8220;Estamos felizes com a pot\u00eancia que essa parceria trar\u00e1, refor\u00e7ando nosso compromisso em valorizar projetos que integram inova\u00e7\u00e3o e sustentabilidade. Com o apoio da Serasa Experian, fortalecemos a miss\u00e3o de impulsionar o protagonismo feminino no campo, incentivando e valorizando a\u00e7\u00f5es sustent\u00e1veis&#8221;, afirma Isabela.<br \/>&#13;<br \/>\nAs vencedoras do Pr\u00eamio Mulheres do Agro 2025 ser\u00e3o anunciadas no dia 22 de outubro, durante o Congresso Nacional das Mulheres do Agro, em S\u00e3o Paulo.\u00a0<br \/>&#13;<br \/>\n\u00a0<\/p>\n<\/p><\/div>\n<p><script data-cfasync=\"false\">\n    !function (f, b, e, v, n, t, s) {\n        if (f.fbq) return; n = f.fbq = function () {\n            n.callMethod ?\n                n.callMethod.apply(n, arguments) : n.queue.push(arguments)\n        };\n        if (!f._fbq) f._fbq = n; n.push = n; n.loaded = !0; n.version = '2.0';\n        n.queue = []; t = b.createElement(e); t.async = !0;\n        t.src = v; s = b.getElementsByTagName(e)[0];\n        s.parentNode.insertBefore(t, s)\n    }(window, document, 'script',\n        'https:\/\/connect.facebook.net\/en_US\/fbevents.js');\n    fbq('init', '522546078623747');\n    fbq('track', 'PageView');\n<\/script><br \/>\n<br \/><br \/>\n<br \/><a href=\"https:\/\/www.agrolink.com.br\/noticias\/produtoras-rurais-premiadas-mostram-como-praticas-esg-impulsionam-produtividade_505088.html\">Source link <\/a><\/p>\n","protected":false},"excerpt":{"rendered":"<p>Com Serasa Experian como novo apoiador institucional, o Pr\u00eamio Mulheres do Agro refor\u00e7a seu compromisso em reconhecer as boas pr\u00e1ticas<\/p>\n","protected":false},"author":1,"featured_media":18908,"comment_status":"open","ping_status":"open","sticky":false,"template":"","format":"standard","meta":{"_monsterinsights_skip_tracking":false,"_monsterinsights_sitenote_active":false,"_monsterinsights_sitenote_note":"","_monsterinsights_sitenote_category":0,"_uf_show_specific_survey":0,"_uf_disable_surveys":false,"footnotes":""},"categories":[8,1,14],"tags":[],"class_list":["post-18907","post","type-post","status-publish","format-standard","has-post-thumbnail","hentry","category-agro","category-news","category-politica-agro"],"_links":{"self":[{"href":"https:\/\/agromt.news\/index.php?rest_route=\/wp\/v2\/posts\/18907"}],"collection":[{"href":"https:\/\/agromt.news\/index.php?rest_route=\/wp\/v2\/posts"}],"about":[{"href":"https:\/\/agromt.news\/index.php?rest_route=\/wp\/v2\/types\/post"}],"author":[{"embeddable":true,"href":"https:\/\/agromt.news\/index.php?rest_route=\/wp\/v2\/users\/1"}],"replies":[{"embeddable":true,"href":"https:\/\/agromt.news\/index.php?rest_route=%2Fwp%2Fv2%2Fcomments&post=18907"}],"version-history":[{"count":0,"href":"https:\/\/agromt.news\/index.php?rest_route=\/wp\/v2\/posts\/18907\/revisions"}],"wp:featuredmedia":[{"embeddable":true,"href":"https:\/\/agromt.news\/index.php?rest_route=\/wp\/v2\/media\/18908"}],"wp:attachment":[{"href":"https:\/\/agromt.news\/index.php?rest_route=%2Fwp%2Fv2%2Fmedia&parent=18907"}],"wp:term":[{"taxonomy":"category","embeddable":true,"href":"https:\/\/agromt.news\/index.php?rest_route=%2Fwp%2Fv2%2Fcategories&post=18907"},{"taxonomy":"post_tag","embeddable":true,"href":"https:\/\/agromt.news\/index.php?rest_route=%2Fwp%2Fv2%2Ftags&post=18907"}],"curies":[{"name":"wp","href":"https:\/\/api.w.org\/{rel}","templated":true}]}}