{"id":18905,"date":"2025-08-20T17:33:16","date_gmt":"2025-08-20T21:33:16","guid":{"rendered":"https:\/\/agromt.news\/?p=18905"},"modified":"2025-08-20T17:33:16","modified_gmt":"2025-08-20T21:33:16","slug":"fiscais-apreendem-35-toneladas-de-farinha-de-mandioca-no-para","status":"publish","type":"post","link":"https:\/\/agromt.news\/?p=18905","title":{"rendered":"Fiscais apreendem 35 toneladas de farinha de mandioca no Par\u00e1"},"content":{"rendered":"<p> <br \/>\n<\/p>\n<div>\n<p>Fiscais de receitas do Par\u00e1 apreenderam 35 toneladas de farinha de mandioca nesta segunda-feira (18). A equipe atua na Coordena\u00e7\u00e3o de Controle de Mercadorias em Tr\u00e2nsito da Secretaria de Estado da Fazenda (Sefa) do Gurupi, no munic\u00edpio de Cachoeira do Piri\u00e1, divisa com o <a href=\"https:\/\/www.canalrural.com.br\/tag\/maranhao\/\">Maranh\u00e3o<\/a>.<\/p>\n<p>Segundo o coordenador da unidade, Gustavo Bozola, as notas fiscais indicavam que a carga tinha origem em Marcol\u00e2ndia, no Piau\u00ed, e destino a Breves, no Par\u00e1, com valor muito abaixo do mercado.<\/p>\n<\/div>\n<div>\n<p>Durante a inspe\u00e7\u00e3o do ve\u00edculo, foi confirmado que se tratava de farinha, conforme descrito nas notas fiscais.<\/p>\n<p>\u201cO hist\u00f3rico da empresa destinat\u00e1ria mostra que ela foi aberta recentemente, estava com a inscri\u00e7\u00e3o cadastral suspensa e entrou em situa\u00e7\u00e3o irregular diversas vezes\u201d, explicou Bozola.<\/p>\n<figure class=\"wp-block-image size-full\"><img fetchpriority=\"high\" decoding=\"async\" width=\"860\" height=\"645\" src=\"https:\/\/agromt.news\/wp-content\/uploads\/2025\/08\/Fiscais-apreendem-35-toneladas-de-farinha-de-mandioca-no-Para.webp.webp\" alt=\"Farinha de mandioca; apreens\u00e3o\" class=\"wp-image-4118212\"  \/><figcaption class=\"wp-element-caption\">Foto: divulga\u00e7\u00e3o Sefa<\/figcaption><\/figure>\n<p>A mercadoria teve o pre\u00e7o reajustado, segundo o valor do boletim de pre\u00e7os m\u00ednimos do estado, totalizando R$ 145.950,00, e foi lavrado o Termo de Apreens\u00e3o e Dep\u00f3sito (TAD) no valor de R$ 38.822,70, referente ao imposto e multa.<\/p>\n<\/p><\/div>\n<p><br \/>\n<br \/><a href=\"https:\/\/www.canalrural.com.br\/seguranca\/fiscais-apreendem-35-toneladas-de-farinha-de-mandioca-no-para\/\">Source link <\/a><\/p>\n","protected":false},"excerpt":{"rendered":"<p>Fiscais de receitas do Par\u00e1 apreenderam 35 toneladas de farinha de mandioca nesta segunda-feira (18). A equipe atua na Coordena\u00e7\u00e3o<\/p>\n","protected":false},"author":1,"featured_media":18906,"comment_status":"open","ping_status":"open","sticky":false,"template":"","format":"standard","meta":{"_monsterinsights_skip_tracking":false,"_monsterinsights_sitenote_active":false,"_monsterinsights_sitenote_note":"","_monsterinsights_sitenote_category":0,"_uf_show_specific_survey":0,"_uf_disable_surveys":false,"footnotes":""},"categories":[1],"tags":[],"class_list":["post-18905","post","type-post","status-publish","format-standard","has-post-thumbnail","hentry","category-news"],"_links":{"self":[{"href":"https:\/\/agromt.news\/index.php?rest_route=\/wp\/v2\/posts\/18905"}],"collection":[{"href":"https:\/\/agromt.news\/index.php?rest_route=\/wp\/v2\/posts"}],"about":[{"href":"https:\/\/agromt.news\/index.php?rest_route=\/wp\/v2\/types\/post"}],"author":[{"embeddable":true,"href":"https:\/\/agromt.news\/index.php?rest_route=\/wp\/v2\/users\/1"}],"replies":[{"embeddable":true,"href":"https:\/\/agromt.news\/index.php?rest_route=%2Fwp%2Fv2%2Fcomments&post=18905"}],"version-history":[{"count":0,"href":"https:\/\/agromt.news\/index.php?rest_route=\/wp\/v2\/posts\/18905\/revisions"}],"wp:featuredmedia":[{"embeddable":true,"href":"https:\/\/agromt.news\/index.php?rest_route=\/wp\/v2\/media\/18906"}],"wp:attachment":[{"href":"https:\/\/agromt.news\/index.php?rest_route=%2Fwp%2Fv2%2Fmedia&parent=18905"}],"wp:term":[{"taxonomy":"category","embeddable":true,"href":"https:\/\/agromt.news\/index.php?rest_route=%2Fwp%2Fv2%2Fcategories&post=18905"},{"taxonomy":"post_tag","embeddable":true,"href":"https:\/\/agromt.news\/index.php?rest_route=%2Fwp%2Fv2%2Ftags&post=18905"}],"curies":[{"name":"wp","href":"https:\/\/api.w.org\/{rel}","templated":true}]}}