{"id":18895,"date":"2025-08-20T15:01:11","date_gmt":"2025-08-20T19:01:11","guid":{"rendered":"https:\/\/agromt.news\/?p=18895"},"modified":"2025-08-20T15:01:11","modified_gmt":"2025-08-20T19:01:11","slug":"tarifaco-e-gripe-aviaria-devem-influenciar-exportacao-de-frango-e-ovo-diz-abpa","status":"publish","type":"post","link":"https:\/\/agromt.news\/?p=18895","title":{"rendered":"Tarifa\u00e7o e gripe avi\u00e1ria devem influenciar exporta\u00e7\u00e3o de frango e ovo, diz ABPA"},"content":{"rendered":"<p> <br \/>\n<br \/><img decoding=\"async\" src=\"https:\/\/agromt.news\/wp-content\/uploads\/2024\/11\/Produtores-de-frango-tambem-paralisam-vendas-ao-Carrefour-diz-Favaro.jpg\" \/><\/p>\n<div>\n\t\t<iframe title=\"Exporta\u00e7\u00f5es de ovos devem registrar recorde em 2025\" width=\"800\" height=\"450\" src=\"https:\/\/www.youtube.com\/embed\/oAyJY_hcdjk?feature=oembed\" frameborder=\"0\" allow=\"accelerometer; autoplay; clipboard-write; encrypted-media; gyroscope; picture-in-picture; web-share\" referrerpolicy=\"strict-origin-when-cross-origin\" allowfullscreen><\/iframe><noscript><iframe title=\"Exporta\u00e7\u00f5es de ovos devem registrar recorde em 2025\" width=\"800\" height=\"450\" src=\"https:\/\/www.youtube.com\/embed\/oAyJY_hcdjk?feature=oembed\" frameborder=\"0\" allow=\"accelerometer; autoplay; clipboard-write; encrypted-media; gyroscope; picture-in-picture; web-share\" referrerpolicy=\"strict-origin-when-cross-origin\" allowfullscreen><\/iframe><\/noscript><\/p>\n<p>Durante coletiva de imprensa realizada na manh\u00e3 desta quarta-feira (20), a Associa\u00e7\u00e3o Brasileira de Prote\u00edna Animal (ABPA) apresentou um panorama atualizado dos impactos do tarifa\u00e7o imposto pelos Estados Unidos sobre o setor. De acordo com a entidade, 36% do valor das exporta\u00e7\u00f5es brasileiras destinadas ao mercado norte-americano ser\u00e3o diretamente afetadas.<\/p>\n<p>O caso mais emblem\u00e1tico \u00e9 o dos ovos: 63% das exporta\u00e7\u00f5es brasileiras do produto t\u00eam os Estados Unidos como destino final, o que coloca o segmento entre os mais vulner\u00e1veis \u00e0s novas barreiras comerciais.<\/p>\n<p>Al\u00e9m de comentar os efeitos imediatos das tarifas, a ABPA divulgou dados atualizados e proje\u00e7\u00f5es para a produ\u00e7\u00e3o e exporta\u00e7\u00e3o de carne de frango, su\u00edna e ovos em 2025.<\/p>\n<h2 class=\"wp-block-heading\" id=\"h-frango-sente-efeitos-da-gripe-aviaria\">Frango sente efeitos da gripe avi\u00e1ria<\/h2>\n<p>O setor de carne de frango registrou retra\u00e7\u00e3o nas vendas externas. A entidade informou que, em 2025, as exporta\u00e7\u00f5es brasileiras devem apresentar queda de 2%, reflexo da crise da influenza avi\u00e1ria que atingiu os principais mercados globais.<\/p>\n<\/div>\n<div>\n<p>Apesar da retra\u00e7\u00e3o, a ABPA avalia que o Brasil segue competitivo frente a outros exportadores. A produ\u00e7\u00e3o nacional deve alcan\u00e7ar 15,7 milh\u00f5es de toneladas neste ano, mantendo o pa\u00eds entre os maiores fornecedores mundiais.<\/p>\n<h2 class=\"wp-block-heading\" id=\"h-ovos-batem-recorde-historico\">Ovos batem recorde hist\u00f3rico<\/h2>\n<p>No setor de ovos, o cen\u00e1rio \u00e9 de forte crescimento. Pela primeira vez, o Brasil deve exportar mais de 1% de sua produ\u00e7\u00e3o, com um salto de 116% no volume embarcado em compara\u00e7\u00e3o ao ano anterior. A alta na demanda internacional tem impulsionado o segmento, que busca ampliar mercados mesmo diante das incertezas comerciais.<\/p>\n<h2 class=\"wp-block-heading\" id=\"h-suinos-em-alta\">Su\u00ednos em alta<\/h2>\n<p>A produ\u00e7\u00e3o de carne su\u00edna tamb\u00e9m apresenta perspectivas positivas. Para 2025, a ABPA projeta uma produ\u00e7\u00e3o total de 5,42 milh\u00f5es de toneladas, avan\u00e7o de 2,2% em rela\u00e7\u00e3o a 2024. J\u00e1 as exporta\u00e7\u00f5es podem crescer at\u00e9 7,2%, consolidando o Brasil como um dos principais players globais no segmento.<\/p>\n<p>Segundo a associa\u00e7\u00e3o, o setor segue atento \u00e0s medidas dos Estados Unidos, mas confiante na capacidade de manter a competitividade no cen\u00e1rio internacional.<\/p>\n<\/p><\/div>\n<p><br \/>\n<br \/><a href=\"https:\/\/www.canalrural.com.br\/aves-e-suinos\/tarifaco-e-gripe-aviaria-devem-influenciar-exportacao-de-frango-e-ovo-diz-abpa\/\">Source link <\/a><\/p>\n","protected":false},"excerpt":{"rendered":"<p>Durante coletiva de imprensa realizada na manh\u00e3 desta quarta-feira (20), a Associa\u00e7\u00e3o Brasileira de Prote\u00edna Animal (ABPA) apresentou um panorama<\/p>\n","protected":false},"author":1,"featured_media":18896,"comment_status":"open","ping_status":"open","sticky":false,"template":"","format":"standard","meta":{"_monsterinsights_skip_tracking":false,"_monsterinsights_sitenote_active":false,"_monsterinsights_sitenote_note":"","_monsterinsights_sitenote_category":0,"_uf_show_specific_survey":0,"_uf_disable_surveys":false,"footnotes":""},"categories":[1],"tags":[],"class_list":["post-18895","post","type-post","status-publish","format-standard","has-post-thumbnail","hentry","category-news"],"_links":{"self":[{"href":"https:\/\/agromt.news\/index.php?rest_route=\/wp\/v2\/posts\/18895"}],"collection":[{"href":"https:\/\/agromt.news\/index.php?rest_route=\/wp\/v2\/posts"}],"about":[{"href":"https:\/\/agromt.news\/index.php?rest_route=\/wp\/v2\/types\/post"}],"author":[{"embeddable":true,"href":"https:\/\/agromt.news\/index.php?rest_route=\/wp\/v2\/users\/1"}],"replies":[{"embeddable":true,"href":"https:\/\/agromt.news\/index.php?rest_route=%2Fwp%2Fv2%2Fcomments&post=18895"}],"version-history":[{"count":0,"href":"https:\/\/agromt.news\/index.php?rest_route=\/wp\/v2\/posts\/18895\/revisions"}],"wp:featuredmedia":[{"embeddable":true,"href":"https:\/\/agromt.news\/index.php?rest_route=\/wp\/v2\/media\/18896"}],"wp:attachment":[{"href":"https:\/\/agromt.news\/index.php?rest_route=%2Fwp%2Fv2%2Fmedia&parent=18895"}],"wp:term":[{"taxonomy":"category","embeddable":true,"href":"https:\/\/agromt.news\/index.php?rest_route=%2Fwp%2Fv2%2Fcategories&post=18895"},{"taxonomy":"post_tag","embeddable":true,"href":"https:\/\/agromt.news\/index.php?rest_route=%2Fwp%2Fv2%2Ftags&post=18895"}],"curies":[{"name":"wp","href":"https:\/\/api.w.org\/{rel}","templated":true}]}}