{"id":18869,"date":"2025-08-20T08:15:45","date_gmt":"2025-08-20T12:15:45","guid":{"rendered":"https:\/\/agromt.news\/?p=18869"},"modified":"2025-08-20T08:15:45","modified_gmt":"2025-08-20T12:15:45","slug":"restaurante-capixaba-fortalece-produtores-locais-e-atrai-turistas","status":"publish","type":"post","link":"https:\/\/agromt.news\/?p=18869","title":{"rendered":"Restaurante capixaba fortalece produtores locais e atrai turistas"},"content":{"rendered":"<p> <br \/>\n<\/p>\n<div>\n<p>Nas montanhas do <a href=\"https:\/\/www.canalrural.com.br\/empreendedorismo\/produtora-capixaba-transforma-negocio-familiar-em-polo-de-especiarias\/\">Esp\u00edrito Santo<\/a>, em Domingos Martins, a cerca de\u00a0 50 km da capital, Vit\u00f3ria, est\u00e1 o restaurante Cordillera Mar e Fuego, que vem ganhando destaque por unir sabor, hist\u00f3ria e valoriza\u00e7\u00e3o da produ\u00e7\u00e3o agr\u00edcola local. <\/p>\n<p>Com um ar nost\u00e1lgico e uma decora\u00e7\u00e3o r\u00fastica que acolhe os turistas, o restaurante est\u00e1 sob o comando do chef Paulo Buzon. A casa se firmou como refer\u00eancia em parrilla argentina e frutos do mar, conquistando n\u00e3o apenas pr\u00eamios, mas tamb\u00e9m a fidelidade de clientes e<a href=\"https:\/\/www.canalrural.com.br\/empreendedorismo\/rota-dos-pireneus-conecta-turismo-rural-e-producao-artesanal\/\"> turistas<\/a> que buscam experi\u00eancia \u00fanica e repleta de sabores.<\/p>\n<p>\u201cNo ano passado, fui agraciado com a vit\u00f3ria em um reality show de churrasco, o que agregou um valor muito significativo ao restaurante. Neste ano, o<a href=\"https:\/\/www.instagram.com\/cordilleramarfuego\/\"> restaurante<\/a> tamb\u00e9m foi premiado como o melhor restaurante de cozinha contempor\u00e2nea nas montanhas capixabas\u201d, conta Buzon orgulhoso dos seus 15 anos dedicados \u00e0 gastronomia. <\/p>\n<p>Comprometido com os detalhes dos pratos e com a qualidade, ele busca pessoalmente cada ingrediente, priorizando os micro e pequenos produtores rurais da regi\u00e3o.\u00a0<\/p>\n<p>\u201cS\u00f3 compro os ingredientes de produtores rurais daqui. Isso garante um produto diferenciado, porque podemos conversar diretamente com o produtor e pedir exatamente o que precisamos. Assim como folhas, queijos, embutidos e at\u00e9 ovos chegam frescos\u201d, explica o chef. Atualmente, cerca de 30 produtores locais s\u00e3o beneficiados pelas compras do restaurante. <\/p>\n<ul class=\"wp-block-list\">\n<li>Participe do Porteira Aberta Empreender: envie perguntas, sugest\u00f5es e conte a sua hist\u00f3ria de empreendedorismo pelo<a href=\"https:\/\/api.whatsapp.com\/send?phone=5511932796720&amp;PorteiraAbertaEmpreender=SuaMensagem\"> WhatsApp<\/a><\/li>\n<\/ul>\n<\/div>\n<div>\n<h2 class=\"wp-block-heading\" id=\"h-cerveja-artesanal-e-pousada-historica\">Cerveja artesanal e pousada hist\u00f3rica<\/h2>\n<figure class=\"wp-block-image size-large is-resized\"><img fetchpriority=\"high\" decoding=\"async\" width=\"768\" height=\"1024\" alt=\"Na foto, aparece um casal, o home est\u00e1 segurando uma ta\u00e7a de chopp. \" class=\"wp-image-4117559\" style=\"width:583px;height:auto\"  data-lazy- src=\"https:\/\/agromt.news\/wp-content\/uploads\/2025\/08\/Restaurante-capixaba-fortalece-produtores-locais-e-atrai-turistas.jpg\"\/><img decoding=\"async\" width=\"768\" height=\"1024\" src=\"https:\/\/agromt.news\/wp-content\/uploads\/2025\/08\/Restaurante-capixaba-fortalece-produtores-locais-e-atrai-turistas.jpg\" alt=\"Na foto, aparece um casal, o home est\u00e1 segurando uma ta\u00e7a de chopp. \" class=\"wp-image-4117559\" style=\"width:583px;height:auto\"  \/><figcaption class=\"wp-element-caption\">Casal Angelo e Regina Rigo na cervejaria Altezza (ES). Foto: Fabiana Bertinelli | Canal Rural <\/figcaption><\/figure>\n<p>O Cordillera Mar e Fuego est\u00e1 integrado \u00e0 <a href=\"https:\/\/www.cervejariaaltezza.com.br\/site\/\">Cervejaria Altezza<\/a>, do Angelo Afonso Rigo, que produz cervejas artesanais e recebe turistas desde que, por acaso, decidiu abrir as portas. \u201cCome\u00e7ou sem planejamento. As pessoas vinham, o p\u00fablico cresceu naturalmente e decidimos profissionalizar, abrindo restaurante e, depois, a pousada\u201d, conta Rigo.<\/p>\n<p>A pousada, instalada em um casar\u00e3o do s\u00e9culo XIX preservado, \u00e9 administrada por Regina, esposa de Rigo, que cuida de cada detalhe da hospedagem.\u00a0<\/p>\n<p>\u201cEnquanto ela garante conforto e acolhimento, eu sigo produzindo as cervejas artesanais\u201d, complementa Rigo.<\/p>\n<p>Essa integra\u00e7\u00e3o de talentos e neg\u00f3cios mostra como o turismo rural pode preservar tradi\u00e7\u00f5es, gerar renda e encantar visitantes com experi\u00eancias aut\u00eanticas e saborosas.<\/p>\n<h2 class=\"wp-block-heading\"><strong>Porteira Aberta Empreender<\/strong><\/h2>\n<p>Quer saber mais? Assista ao programa <a href=\"https:\/\/www.canalrural.com.br\/empreendedorismo\/transforme-sua-propriedade-em-um-destino-turistico\/\"><strong>Porteira Aberta Empreender<\/strong>,<\/a> uma parceria entre o<a href=\"https:\/\/sebrae.com.br\/sites\/PortalSebrae\/ufs\/es?codUf=8\"> Sebrae<\/a> e o Canal Rural, que traz dicas, orienta\u00e7\u00f5es e mostra hist\u00f3rias reais de micro e pequenos produtores de todo o pa\u00eds.<\/p>\n<figure class=\"wp-block-image size-full is-resized\"><img decoding=\"async\" width=\"1013\" height=\"1017\" alt=\"\" class=\"wp-image-4116505\" style=\"width:461px;height:auto\"  data-lazy- src=\"https:\/\/agromt.news\/wp-content\/uploads\/2025\/08\/tradicao-dos-queijos-artesanais-e-turismo-rural-em-Goias.png\"\/><img loading=\"lazy\" decoding=\"async\" width=\"1013\" height=\"1017\" src=\"https:\/\/agromt.news\/wp-content\/uploads\/2025\/08\/tradicao-dos-queijos-artesanais-e-turismo-rural-em-Goias.png\" alt=\"\" class=\"wp-image-4116505\" style=\"width:461px;height:auto\"  \/><figcaption class=\"wp-element-caption\">\u00c0s quintas-feiras, \u00e0s 17h45, no Canal Rural. | Foto: Arte Divulga\u00e7\u00e3o<\/figcaption><\/figure>\n<\/p><\/div>\n<p><script async src=\"\/\/www.instagram.com\/embed.js\"><\/script><br \/>\n<br \/><br \/>\n<br \/><a href=\"https:\/\/www.canalrural.com.br\/empreendedorismo\/restaurante-capixaba-fortalece-produtores-locais-e-atrai-turistas\/\">Source link <\/a><\/p>\n","protected":false},"excerpt":{"rendered":"<p>Nas montanhas do Esp\u00edrito Santo, em Domingos Martins, a cerca de\u00a0 50 km da capital, Vit\u00f3ria, est\u00e1 o restaurante Cordillera<\/p>\n","protected":false},"author":1,"featured_media":18870,"comment_status":"open","ping_status":"open","sticky":false,"template":"","format":"standard","meta":{"_monsterinsights_skip_tracking":false,"_monsterinsights_sitenote_active":false,"_monsterinsights_sitenote_note":"","_monsterinsights_sitenote_category":0,"_uf_show_specific_survey":0,"_uf_disable_surveys":false,"footnotes":""},"categories":[1],"tags":[],"class_list":["post-18869","post","type-post","status-publish","format-standard","has-post-thumbnail","hentry","category-news"],"_links":{"self":[{"href":"https:\/\/agromt.news\/index.php?rest_route=\/wp\/v2\/posts\/18869"}],"collection":[{"href":"https:\/\/agromt.news\/index.php?rest_route=\/wp\/v2\/posts"}],"about":[{"href":"https:\/\/agromt.news\/index.php?rest_route=\/wp\/v2\/types\/post"}],"author":[{"embeddable":true,"href":"https:\/\/agromt.news\/index.php?rest_route=\/wp\/v2\/users\/1"}],"replies":[{"embeddable":true,"href":"https:\/\/agromt.news\/index.php?rest_route=%2Fwp%2Fv2%2Fcomments&post=18869"}],"version-history":[{"count":0,"href":"https:\/\/agromt.news\/index.php?rest_route=\/wp\/v2\/posts\/18869\/revisions"}],"wp:featuredmedia":[{"embeddable":true,"href":"https:\/\/agromt.news\/index.php?rest_route=\/wp\/v2\/media\/18870"}],"wp:attachment":[{"href":"https:\/\/agromt.news\/index.php?rest_route=%2Fwp%2Fv2%2Fmedia&parent=18869"}],"wp:term":[{"taxonomy":"category","embeddable":true,"href":"https:\/\/agromt.news\/index.php?rest_route=%2Fwp%2Fv2%2Fcategories&post=18869"},{"taxonomy":"post_tag","embeddable":true,"href":"https:\/\/agromt.news\/index.php?rest_route=%2Fwp%2Fv2%2Ftags&post=18869"}],"curies":[{"name":"wp","href":"https:\/\/api.w.org\/{rel}","templated":true}]}}