{"id":18868,"date":"2025-08-20T08:01:42","date_gmt":"2025-08-20T12:01:42","guid":{"rendered":"https:\/\/agromt.news\/?p=18868"},"modified":"2025-08-20T08:01:42","modified_gmt":"2025-08-20T12:01:42","slug":"frente-fria-associada-a-ciclone-avanca-e-causa-instabilidade-veja-a-previsao-do-tempo-para-hoje","status":"publish","type":"post","link":"https:\/\/agromt.news\/?p=18868","title":{"rendered":"Frente fria associada a ciclone avan\u00e7a e causa instabilidade, veja a previs\u00e3o do tempo para hoje"},"content":{"rendered":"<p> <br \/>\n<br \/><img decoding=\"async\" src=\"https:\/\/agromt.news\/wp-content\/uploads\/2024\/10\/Previsao-aponta-temporais-e-ventos-de-70-kmh-no-Nordeste.jpg\" \/><\/p>\n<div>\n<p>A frente fria associada ao ciclone avan\u00e7a no pa\u00eds nesta quarta-feira (20) e espalha as instabilidades sobre todos os estados da regi\u00e3o Sul. Ainda durante a madrugada, as \u00e1reas de chuva come\u00e7am a ganhar for\u00e7a sobre o Rio Grande do Sul, com risco de chuva forte e at\u00e9 mesmo temporais localizados. Conforme o deslocamento do sistema, n\u00e3o est\u00e1 descartada a forma\u00e7\u00e3o de alguma linha de instabilidade sobre Santa Catarina e o interior do Paran\u00e1.<br \/>Apesar disso, j\u00e1 a partir do in\u00edcio da tarde, as instabilidades come\u00e7am a perder for\u00e7a nos tr\u00eas estados, com algumas pancadas de chuva mais expressivas apenas sobre o norte paranaense. Al\u00e9m da chuva, os ventos tamb\u00e9m continuam sendo destaque em toda a regi\u00e3o.<\/p>\n<div data-icp-cta=\"1\" id=\"icp-cta-unique\">Voc\u00ea quer entender como usar o clima a seu favor?<b> <\/b><a href=\"https:\/\/climacampo.canalrural.com.br\/climacampo_-01\">Preparamos um e-book exclusivo<\/a> para ajudar produtores rurais a se antecipar \u00e0s mudan\u00e7as do tempo e planejar melhor suas a\u00e7\u00f5es. Com base em previs\u00f5es meteorol\u00f3gicas confi\u00e1veis, ele oferece orienta\u00e7\u00f5es pr\u00e1ticas para proteger sua lavoura e otimizar seus resultados.<\/div>\n<p>Entre as \u00e1reas de maior aten\u00e7\u00e3o, a serra ga\u00facha e catarinense se destacam, com ventos que podem ultrapassar os 91 km\/h. Nas demais \u00e1reas da metade leste ga\u00facha, rajadas de vento de at\u00e9 90 km\/h \u2013 sobretudo entre o per\u00edodo da manh\u00e3 e tarde<\/p>\n<p>No Sudeste, algumas \u00e1reas de instabilidade associadas ao deslocamento da frente fria tamb\u00e9m podem avan\u00e7ar sobre o estado de S\u00e3o Paulo. A partir do per\u00edodo da tarde, haver\u00e1 condi\u00e7\u00f5es para que as pancadas de chuva avancem sobre o oeste, sul e litoral paulista, n\u00e3o sendo descartada a ocorr\u00eancia de chuva pontualmente forte seguida por raios. <\/p>\n<p>Na Grande S\u00e3o Paulo, algumas \u00e1reas tamb\u00e9m podem contar com a ocorr\u00eancia de pancadas com raios a partir da segunda metade da tarde. Apesar da chuva, outro destaque gira tamb\u00e9m em torno dos ventos, que come\u00e7am a soprar ainda no per\u00edodo da manh\u00e3, com rajadas de at\u00e9 50 km\/h no interior e leste paulista. Ainda assim, boa parte do estado segue com tempo firme e seco, e o alerta para baixa umidade do ar segue nas horas mais quentes do dia entre o norte e noroeste paulista. <\/p>\n<p>Entre Minas Gerais, Rio de Janeiro e Esp\u00edrito Santo, o predom\u00ednio continua sendo de tempo aberto, com destaque para o calor que ganha for\u00e7a no decorrer das horas. O interior mineiro segue com umidade relativa do ar em n\u00edveis cr\u00edticos na parte da tarde.<\/p>\n<p>Enquanto no Centro-Oeste, o deslocamento da frente fria tamb\u00e9m deve influenciar as condi\u00e7\u00f5es de tempo sobre parte de Mato Grosso do Sul. Ainda pela manh\u00e3, as instabilidades come\u00e7am a ganhar for\u00e7a sobre a metade sul do estado, com risco para fortes pancadas de chuva, seguidas por raios e rajadas de vento \u2013 n\u00e3o sendo descartada tamb\u00e9m a ocorr\u00eancia de granizo isolado. <\/p>\n<\/div>\n<div>\n<p><em>Veja em primeira m\u00e3o tudo sobre agricultura, pecu\u00e1ria, economia e previs\u00e3o do tempo:<\/em><a href=\"https:\/\/news.google.com\/publications\/CAAqBwgKMPKZlQswq_mqAw?hl=pt-BR&amp;gl=BR&amp;ceid=BR%3Apt-419\" target=\"_blank\" rel=\"noreferrer noopener\"><em>\u00a0siga o Canal Rural no Google News!<\/em><\/a><\/p>\n<p>No decorrer das horas subsequentes, essa chuva come\u00e7a a se espalhar pela por\u00e7\u00e3o oeste e central do estado \u2013 incluindo Campo Grande \u2013, incidindo ainda por meio de pancadas irregulares, mas que podem cair com maior intensidade. O cen\u00e1rio ainda \u00e9 de perigo para algumas \u00e1reas entre a regi\u00e3o central e o sul do estado, onde h\u00e1 risco para temporais com volumes expressivos.<\/p>\n<p>Entre o norte e noroeste, pode chover de maneira isolada j\u00e1 no final do per\u00edodo da tarde. Em Mato Grosso, haver\u00e1 condi\u00e7\u00f5es para a ocorr\u00eancia de algumas pancadas isoladas de chuva sobre o noroeste e sudoeste do estado, em algumas \u00e1reas pontuais e sem risco para acumulados significativos. Entre Goi\u00e1s e o Distrito Federal, o destaque segue sendo o tempo firme, calor e alerta de baixa umidade do ar.<\/p>\n<p>J\u00e1 no Nordeste, a circula\u00e7\u00e3o de ventos que sopram do oceano trazendo umidade ainda pode resultar em epis\u00f3dios de chuva com moderada e eventual forte intensidade no litoral de Alagoas e Pernambuco. Em algumas \u00e1reas do sul da Para\u00edba, tamb\u00e9m pode chover de maneira isolada e com fraca intensidade. Nas demais regi\u00f5es do interior e meio-norte nordestino, o tempo segue aberto, marcado pela presen\u00e7a do sol e bastante calor ao longo do dia. Algumas \u00e1reas entre o oeste da Bahia, sul do Piau\u00ed e do Maranh\u00e3o seguem com alerta de baixa umidade do ar \u00e0 tarde.<\/p>\n<p>E no Norte, as instabilidades seguem concentradas entre o norte do Amazonas, Roraima e o Amap\u00e1, ainda com chance para chuva forte ao longo do dia. Algumas \u00e1reas da metade sul do Amazonas tamb\u00e9m podem contar com a ocorr\u00eancia de pancadas isoladas. J\u00e1 nos estados do Par\u00e1, Tocantins, Acre e Rond\u00f4nia, o tempo segue predominantemente aberto, sem previs\u00e3o de chuva significativa, com predom\u00ednio de sol e calor ao longo do dia.<\/p>\n<\/p><\/div>\n<p><br \/>\n<br \/><a href=\"https:\/\/www.canalrural.com.br\/tempo\/frente-fria-associada-a-ciclone-avanca-e-causa-instabilidade-veja-a-previsao-do-tempo-para-hoje\/\">Source link <\/a><\/p>\n","protected":false},"excerpt":{"rendered":"<p>A frente fria associada ao ciclone avan\u00e7a no pa\u00eds nesta quarta-feira (20) e espalha as instabilidades sobre todos os estados<\/p>\n","protected":false},"author":1,"featured_media":3164,"comment_status":"open","ping_status":"open","sticky":false,"template":"","format":"standard","meta":{"_monsterinsights_skip_tracking":false,"_monsterinsights_sitenote_active":false,"_monsterinsights_sitenote_note":"","_monsterinsights_sitenote_category":0,"_uf_show_specific_survey":0,"_uf_disable_surveys":false,"footnotes":""},"categories":[1],"tags":[],"class_list":["post-18868","post","type-post","status-publish","format-standard","has-post-thumbnail","hentry","category-news"],"_links":{"self":[{"href":"https:\/\/agromt.news\/index.php?rest_route=\/wp\/v2\/posts\/18868"}],"collection":[{"href":"https:\/\/agromt.news\/index.php?rest_route=\/wp\/v2\/posts"}],"about":[{"href":"https:\/\/agromt.news\/index.php?rest_route=\/wp\/v2\/types\/post"}],"author":[{"embeddable":true,"href":"https:\/\/agromt.news\/index.php?rest_route=\/wp\/v2\/users\/1"}],"replies":[{"embeddable":true,"href":"https:\/\/agromt.news\/index.php?rest_route=%2Fwp%2Fv2%2Fcomments&post=18868"}],"version-history":[{"count":0,"href":"https:\/\/agromt.news\/index.php?rest_route=\/wp\/v2\/posts\/18868\/revisions"}],"wp:featuredmedia":[{"embeddable":true,"href":"https:\/\/agromt.news\/index.php?rest_route=\/wp\/v2\/media\/3164"}],"wp:attachment":[{"href":"https:\/\/agromt.news\/index.php?rest_route=%2Fwp%2Fv2%2Fmedia&parent=18868"}],"wp:term":[{"taxonomy":"category","embeddable":true,"href":"https:\/\/agromt.news\/index.php?rest_route=%2Fwp%2Fv2%2Fcategories&post=18868"},{"taxonomy":"post_tag","embeddable":true,"href":"https:\/\/agromt.news\/index.php?rest_route=%2Fwp%2Fv2%2Ftags&post=18868"}],"curies":[{"name":"wp","href":"https:\/\/api.w.org\/{rel}","templated":true}]}}