{"id":18862,"date":"2025-08-19T22:08:14","date_gmt":"2025-08-20T02:08:14","guid":{"rendered":"https:\/\/agromt.news\/?p=18862"},"modified":"2025-08-19T22:08:14","modified_gmt":"2025-08-20T02:08:14","slug":"comissao-aprova-reducao-da-fracao-minima-de-parcelamento-de-imoveis-rurais","status":"publish","type":"post","link":"https:\/\/agromt.news\/?p=18862","title":{"rendered":"Comiss\u00e3o aprova redu\u00e7\u00e3o da fra\u00e7\u00e3o m\u00ednima de parcelamento de im\u00f3veis rurais"},"content":{"rendered":"<p> <br \/>\n<\/p>\n<div>\n<div class=\"row\">\n<div class=\"col-lg col-infos mt-0 mt-lg-0\">\n<div class=\"section-sub-title\">\n<p itemprop=\"description\">&#13;<br \/>\n                                Deputados aprovam reduzir limite m\u00ednimo para divis\u00e3o de im\u00f3veis rurais&#13;\n                            <\/p>\n<\/p><\/div>\n<div class=\"container\">\n<div class=\"row\">\n<div class=\"col-lg p-0 text-lg-end\">\n<div>\n<div id=\"mdEnviarPagina\" class=\"modal fade\" role=\"dialog\">\n<div class=\"modal-dialog\">\n<div class=\"modal-content\">\n<div class=\"modal-body\">\n<p><strong>Estimado usu\u00e1rio.<\/strong><br \/>Preencha o formul\u00e1rio abaixo para remeter a p\u00e1gina.<\/p>\n<\/p><\/div>\n<\/p><\/div>\n<\/p><\/div>\n<\/div><\/div>\n<\/p><\/div>\n<\/p><\/div>\n<\/p><\/div>\n<\/p><\/div>\n<\/p><\/div>\n<div class=\"row justify-content-md-center mt-3\">\n<div class=\"col-lg-auto col-image block-news-main-image\">\n<p>                                <img decoding=\"async\" src=\"https:\/\/www.agrolink.com.br\/upload\/imagens-resizes\/2e61b683c7f946c39b908c62ff9faced_858x483.jpg\" class=\"lazyload img-fluid\"\/><br \/>\n                                                <span class=\"publicity-photo d-block mt-1\">Foto: Pixabay<\/span><\/p><\/div>\n<\/p><\/div>\n<div class=\"section-description section-description-noticias mt-3\">\n<p style=\"text-align:justify\">A Comiss\u00e3o de Agricultura, Pecu\u00e1ria, Abastecimento e Desenvolvimento Rural da C\u00e2mara dos Deputados aprovou o <a class=\"linkProposicao\" href=\"https:\/\/www.camara.leg.br\/noticias\/1036477-proposta-reduz-para-05-hectare-fracao-minima-de-parcelamento-de-imoveis-rurais\">Projeto de Lei 6088\/23<\/a>, do deputado Z\u00e9 Trov\u00e3o (PL-SC), que estabelece em 5 mil metros quadrados (0,5 hectare) a fra\u00e7\u00e3o m\u00ednima de parcelamento (FMP) do im\u00f3vel rural.&#13;\n<\/p>\n<p style=\"text-align:justify\">Criada em 1972, a FMP \u00e9 a menor dimens\u00e3o que um im\u00f3vel rural pode ter. Atualmente, o valor varia por munic\u00edpio, oscilando entre dois e cinco hectares. Valores abaixo da fra\u00e7\u00e3o m\u00ednima n\u00e3o podem obter registro cartorial nem se cadastrar no Instituto Nacional de Coloniza\u00e7\u00e3o e Reforma Agr\u00e1ria (Incra).&#13;\n<\/p>\n<p style=\"text-align:justify\">O relator, deputado Evair Vieira de Melo (PP-ES), recomendou a aprova\u00e7\u00e3o da proposta. Ele argumentou que a mudan\u00e7a \u00e9 uma demanda de produtores. \u201cCom o avan\u00e7o da tecnologia e o aumento da produtividade, a produ\u00e7\u00e3o em \u00e1reas menores pode se tornar economicamente vi\u00e1vel e lucrativa\u201d, disse.&#13;\n<\/p>\n<p style=\"text-align:justify\">Ele acrescentou que o turismo rural \u00e9 outra possibilidade de uso para propriedades menores, \u201ccada vez mais apreciado por setores da popula\u00e7\u00e3o brasileira\u201d.<\/p>\n<p style=\"text-align:justify\"><strong>Pr\u00f3ximos passos<\/strong><br \/>&#13;<br \/>\nO projeto vai ser analisado, em <span class=\"termoGlossario\" contenteditable=\"false\" data-original-title=\"Rito de tramita\u00e7\u00e3o pelo qual o projeto \u00e9 votado apenas pelas comiss\u00f5es designadas para analis\u00e1-lo, dispensada a delibera\u00e7\u00e3o do Plen\u00e1rio. O projeto perde o car\u00e1ter conclusivo se houver decis\u00e3o divergente entre as comiss\u00f5es ou se, independentemente de ser aprovado ou rejeitado, houver recurso assinado por 52 deputados para a aprecia\u00e7\u00e3o da mat\u00e9ria no Plen\u00e1rio.\" data-placement=\"top\" data-toggle=\"tooltip\" id=\"4322\" title=\"\">car\u00e1ter conclusivo<\/span>, pela Comiss\u00e3o de Constitui\u00e7\u00e3o e Justi\u00e7a e de Cidadania (CCJ).<\/p>\n<p style=\"text-align:justify\">Para virar lei, a proposta precisa ser aprovada pela C\u00e2mara e pelo Senado.<\/p>\n<p style=\"text-align:justify\">\u00a0<\/p>\n<\/p><\/div>\n<\/p><\/div>\n<p><script data-cfasync=\"false\">\n    !function (f, b, e, v, n, t, s) {\n        if (f.fbq) return; n = f.fbq = function () {\n            n.callMethod ?\n                n.callMethod.apply(n, arguments) : n.queue.push(arguments)\n        };\n        if (!f._fbq) f._fbq = n; n.push = n; n.loaded = !0; n.version = '2.0';\n        n.queue = []; t = b.createElement(e); t.async = !0;\n        t.src = v; s = b.getElementsByTagName(e)[0];\n        s.parentNode.insertBefore(t, s)\n    }(window, document, 'script',\n        'https:\/\/connect.facebook.net\/en_US\/fbevents.js');\n    fbq('init', '522546078623747');\n    fbq('track', 'PageView');\n<\/script><br \/>\n<br \/><br \/>\n<br \/><a href=\"https:\/\/www.agrolink.com.br\/noticias\/comissao-aprova-reducao-da-fracao-minima-de-parcelamento-de-imoveis-rurais_505032.html\">Source link <\/a><\/p>\n","protected":false},"excerpt":{"rendered":"<p>&#13; Deputados aprovam reduzir limite m\u00ednimo para divis\u00e3o de im\u00f3veis rurais&#13; Estimado usu\u00e1rio.Preencha o formul\u00e1rio abaixo para remeter a p\u00e1gina.<\/p>\n","protected":false},"author":1,"featured_media":2437,"comment_status":"open","ping_status":"open","sticky":false,"template":"","format":"standard","meta":{"_monsterinsights_skip_tracking":false,"_monsterinsights_sitenote_active":false,"_monsterinsights_sitenote_note":"","_monsterinsights_sitenote_category":0,"_uf_show_specific_survey":0,"_uf_disable_surveys":false,"footnotes":""},"categories":[8,1,14],"tags":[],"class_list":["post-18862","post","type-post","status-publish","format-standard","has-post-thumbnail","hentry","category-agro","category-news","category-politica-agro"],"_links":{"self":[{"href":"https:\/\/agromt.news\/index.php?rest_route=\/wp\/v2\/posts\/18862"}],"collection":[{"href":"https:\/\/agromt.news\/index.php?rest_route=\/wp\/v2\/posts"}],"about":[{"href":"https:\/\/agromt.news\/index.php?rest_route=\/wp\/v2\/types\/post"}],"author":[{"embeddable":true,"href":"https:\/\/agromt.news\/index.php?rest_route=\/wp\/v2\/users\/1"}],"replies":[{"embeddable":true,"href":"https:\/\/agromt.news\/index.php?rest_route=%2Fwp%2Fv2%2Fcomments&post=18862"}],"version-history":[{"count":0,"href":"https:\/\/agromt.news\/index.php?rest_route=\/wp\/v2\/posts\/18862\/revisions"}],"wp:featuredmedia":[{"embeddable":true,"href":"https:\/\/agromt.news\/index.php?rest_route=\/wp\/v2\/media\/2437"}],"wp:attachment":[{"href":"https:\/\/agromt.news\/index.php?rest_route=%2Fwp%2Fv2%2Fmedia&parent=18862"}],"wp:term":[{"taxonomy":"category","embeddable":true,"href":"https:\/\/agromt.news\/index.php?rest_route=%2Fwp%2Fv2%2Fcategories&post=18862"},{"taxonomy":"post_tag","embeddable":true,"href":"https:\/\/agromt.news\/index.php?rest_route=%2Fwp%2Fv2%2Ftags&post=18862"}],"curies":[{"name":"wp","href":"https:\/\/api.w.org\/{rel}","templated":true}]}}