{"id":18852,"date":"2025-08-19T18:15:59","date_gmt":"2025-08-19T22:15:59","guid":{"rendered":"https:\/\/agromt.news\/?p=18852"},"modified":"2025-08-19T18:15:59","modified_gmt":"2025-08-19T22:15:59","slug":"brasil-e-uniao-europeia-reforcam-parceria-estrategica-em-encontro-com-a-sociedade-civil-na-ix-mesa-redonda-em-brasilia","status":"publish","type":"post","link":"https:\/\/agromt.news\/?p=18852","title":{"rendered":"Brasil e Uni\u00e3o Europeia refor\u00e7am parceria estrat\u00e9gica em encontro com a sociedade civil na IX Mesa Redonda em Bras\u00edlia"},"content":{"rendered":"<p> <br \/>\n<\/p>\n<div>\n<p style=\"text-align:justify\">Em meio a discuss\u00f5es sobre democracia, desenvolvimento sustent\u00e1vel e coopera\u00e7\u00e3o internacional, o Minist\u00e9rio da Agricultura e Pecu\u00e1ria (Mapa) marcou presen\u00e7a na IX Mesa Redonda da Sociedade Civil UE-Brasil, realizada no Pal\u00e1cio Itamaraty nesta ter\u00e7a-feira (29). Representando a pasta, o Secret\u00e1rio de Com\u00e9rcio e Rela\u00e7\u00f5es Internacionais, Lu\u00eds Rua, defendeu a import\u00e2ncia do Acordo Mercosul-Uni\u00e3o Europeia como uma resposta concreta aos desafios globais, destacando o papel do agro brasileiro como elo de confian\u00e7a entre os dois blocos.&#13;\n<\/p>\n<p style=\"text-align:justify\">&#8220;A Uni\u00e3o Europeia representa 14% das exporta\u00e7\u00f5es brasileiras do agro. Mais do que os 23 bilh\u00f5es de d\u00f3lares exportados anualmente, s\u00e3o os la\u00e7os hist\u00f3ricos e os valores compartilhados que nos aproximam&#8221;, afirmou Lu\u00eds Rua durante painel.<\/p>\n<p style=\"text-align:justify\">O evento, organizado pelo Conselho de Desenvolvimento Econ\u00f4mico Social Sustent\u00e1vel (CDESS) em parceria com o Comit\u00ea Econ\u00f4mico e Social Europeu (CESE), reuniu representantes da sociedade civil, setor produtivo e autoridades dos dois blocos para discutir temas como transi\u00e7\u00e3o energ\u00e9tica, combate \u00e0 desinforma\u00e7\u00e3o e desenvolvimento sustent\u00e1vel.<\/p>\n<p style=\"text-align:justify\">Durante o encontro, o secret\u00e1rio buscou esclarecer pontos sens\u00edveis do Acordo Mercosul-UE, argumentando que os produtos agropecu\u00e1rios exportados pelo Brasil como soja, caf\u00e9 e carne de frango n\u00e3o competem diretamente com a produ\u00e7\u00e3o europeia, mas a complementam.&#13;\n<\/p>\n<p style=\"text-align:justify\">O secret\u00e1rio tamb\u00e9m destacou aspectos sobre quest\u00f5es sanit\u00e1rias e ambientais. Segundo ele, o pa\u00eds cumpre rigorosamente os padr\u00f5es sanit\u00e1rios exigidos pela Uni\u00e3o Europeia h\u00e1 mais de quatro d\u00e9cadas, e continua comprometido com uma agenda ambiental robusta. \u201cNos \u00faltimos dois anos, o desmatamento na Amaz\u00f4nia caiu 46%. Estamos recuperando 40 milh\u00f5es de hectares de pastagens degradadas e incentivando o uso de bioinsumos. \u00c9 uma agricultura que alia produ\u00e7\u00e3o e sustentabilidade\u201d.<\/p>\n<p style=\"text-align:justify\">Ainda segundo Lu\u00eds Rua, a ratifica\u00e7\u00e3o do acordo entre os blocos representa mais do que um avan\u00e7o econ\u00f4mico. \u201cEm um cen\u00e1rio internacional marcado por tens\u00f5es e conflitos, selar esse acordo \u00e9 enviar uma mensagem clara de que o com\u00e9rcio, o di\u00e1logo e a coopera\u00e7\u00e3o seguem sendo caminhos poss\u00edveis para o desenvolvimento\u201d, disse.&#13;\n<\/p>\n<p style=\"text-align:justify\">A IX Mesa Redonda sociedade civil UE-Brasil segue at\u00e9 o dia 30 de julho e deve ser encerrada com a assinatura de uma declara\u00e7\u00e3o conjunta entre o CDESS e o CESE, reafirmando o compromisso com o fortalecimento da democracia, da participa\u00e7\u00e3o social e do desenvolvimento sustent\u00e1vel nas rela\u00e7\u00f5es entre Brasil e Uni\u00e3o Europeia.<\/p>\n<\/p><\/div>\n<p><script data-cfasync=\"false\">\n    !function (f, b, e, v, n, t, s) {\n        if (f.fbq) return; n = f.fbq = function () {\n            n.callMethod ?\n                n.callMethod.apply(n, arguments) : n.queue.push(arguments)\n        };\n        if (!f._fbq) f._fbq = n; n.push = n; n.loaded = !0; n.version = '2.0';\n        n.queue = []; t = b.createElement(e); t.async = !0;\n        t.src = v; s = b.getElementsByTagName(e)[0];\n        s.parentNode.insertBefore(t, s)\n    }(window, document, 'script',\n        'https:\/\/connect.facebook.net\/en_US\/fbevents.js');\n    fbq('init', '522546078623747');\n    fbq('track', 'PageView');\n<\/script><br \/>\n<br \/><br \/>\n<br \/><a href=\"https:\/\/www.agrolink.com.br\/noticias\/brasil-e-uniao-europeia-reforcam-parceria-estrategica-em-encontro-com-a-sociedade-civil-na-ix-mesa-redonda-em-brasilia_505034.html\">Source link <\/a><\/p>\n","protected":false},"excerpt":{"rendered":"<p>Em meio a discuss\u00f5es sobre democracia, desenvolvimento sustent\u00e1vel e coopera\u00e7\u00e3o internacional, o Minist\u00e9rio da Agricultura e Pecu\u00e1ria (Mapa) marcou presen\u00e7a<\/p>\n","protected":false},"author":1,"featured_media":2689,"comment_status":"open","ping_status":"open","sticky":false,"template":"","format":"standard","meta":{"_monsterinsights_skip_tracking":false,"_monsterinsights_sitenote_active":false,"_monsterinsights_sitenote_note":"","_monsterinsights_sitenote_category":0,"_uf_show_specific_survey":0,"_uf_disable_surveys":false,"footnotes":""},"categories":[8,1,14],"tags":[],"class_list":["post-18852","post","type-post","status-publish","format-standard","has-post-thumbnail","hentry","category-agro","category-news","category-politica-agro"],"_links":{"self":[{"href":"https:\/\/agromt.news\/index.php?rest_route=\/wp\/v2\/posts\/18852"}],"collection":[{"href":"https:\/\/agromt.news\/index.php?rest_route=\/wp\/v2\/posts"}],"about":[{"href":"https:\/\/agromt.news\/index.php?rest_route=\/wp\/v2\/types\/post"}],"author":[{"embeddable":true,"href":"https:\/\/agromt.news\/index.php?rest_route=\/wp\/v2\/users\/1"}],"replies":[{"embeddable":true,"href":"https:\/\/agromt.news\/index.php?rest_route=%2Fwp%2Fv2%2Fcomments&post=18852"}],"version-history":[{"count":0,"href":"https:\/\/agromt.news\/index.php?rest_route=\/wp\/v2\/posts\/18852\/revisions"}],"wp:featuredmedia":[{"embeddable":true,"href":"https:\/\/agromt.news\/index.php?rest_route=\/wp\/v2\/media\/2689"}],"wp:attachment":[{"href":"https:\/\/agromt.news\/index.php?rest_route=%2Fwp%2Fv2%2Fmedia&parent=18852"}],"wp:term":[{"taxonomy":"category","embeddable":true,"href":"https:\/\/agromt.news\/index.php?rest_route=%2Fwp%2Fv2%2Fcategories&post=18852"},{"taxonomy":"post_tag","embeddable":true,"href":"https:\/\/agromt.news\/index.php?rest_route=%2Fwp%2Fv2%2Ftags&post=18852"}],"curies":[{"name":"wp","href":"https:\/\/api.w.org\/{rel}","templated":true}]}}