{"id":18833,"date":"2025-08-19T15:26:29","date_gmt":"2025-08-19T19:26:29","guid":{"rendered":"https:\/\/agromt.news\/?p=18833"},"modified":"2025-08-19T15:26:29","modified_gmt":"2025-08-19T19:26:29","slug":"tarifaco-nao-trava-comercializacao-de-soja-mas-receita-cambial-cai-em-cinco-anos","status":"publish","type":"post","link":"https:\/\/agromt.news\/?p=18833","title":{"rendered":"Tarifa\u00e7o n\u00e3o trava comercializa\u00e7\u00e3o de soja, mas receita cambial cai em cinco anos"},"content":{"rendered":"<p> <br \/>\n<\/p>\n<div>\n<p><a href=\"https:\/\/www.youtube.com\/@CanalruralBr\"\/>Dados do Comex Stat indicam que o chamado tarifa\u00e7o aplicado pelos Estados Unidos ainda n\u00e3o impactou a <a href=\"https:\/\/www.canalrural.com.br\/?s=comercializa%C3%A7%C3%A3o+de+soja\">comercializa\u00e7\u00e3o <\/a>da soja brasileira. No entanto, a an\u00e1lise da receita cambial do complexo soja nos \u00faltimos cinco anos mostra que o per\u00edodo apresentou uma desvaloriza\u00e7\u00e3o de cerca de 12,5%. Os n\u00fameros foram apresentados no <a href=\"https:\/\/www.canalrural.com.br\/?s=Agroexport\">Agroexport <\/a>desta ter\u00e7a-feira (19).<\/p>\n<figure class=\"wp-block-embed is-type-video is-provider-youtube wp-block-embed-youtube wp-embed-aspect-16-9 wp-has-aspect-ratio\">\n<p>\n<iframe title=\"Mesmo sem impacto do tarifa\u00e7o, soja sofre com pre\u00e7os internacionais\" width=\"800\" height=\"450\" src=\"https:\/\/www.youtube.com\/embed\/xbONXov63sY?feature=oembed\" frameborder=\"0\" allow=\"accelerometer; autoplay; clipboard-write; encrypted-media; gyroscope; picture-in-picture; web-share\" referrerpolicy=\"strict-origin-when-cross-origin\" allowfullscreen><\/iframe>\n<\/p>\n<\/figure>\n<ul class=\"wp-block-list\">\n<li><strong><em>Fique por dentro das novidades e not\u00edcias recentes sobre a soja! Participe da nossa comunidade atrav\u00e9s do\u00a0<a href=\"https:\/\/chat.whatsapp.com\/BmMRwA0TZ2DHGyhzoaVEWu\">link<\/a>! \ud83c\udf31<\/em><\/strong><\/li>\n<\/ul>\n<\/div>\n<div>\n<figure class=\"wp-block-image size-large\"><img fetchpriority=\"high\" decoding=\"async\" width=\"1024\" height=\"576\" src=\"https:\/\/agromt.news\/wp-content\/uploads\/2025\/08\/Tarifaco-nao-trava-comercializacao-de-soja-mas-receita-cambial-cai.jpeg\" alt=\"\" class=\"wp-image-4117913\"  \/><figcaption class=\"wp-element-caption\">Agroexport\/Canal Rural<\/figcaption><\/figure>\n<p>A soja em gr\u00e3o passou de US$ 484 por tonelada em 2021 para US$ 415 em agosto de 2025, uma retra\u00e7\u00e3o de 14%. O farelo de soja registrou queda ainda maior, de US$ 422 para US$ 353 por tonelada, equivalente a 15%, enquanto o \u00f3leo de soja sofreu menor impacto, caindo 9%, de US$ 1,22 para US$ 1,11 por tonelada.<\/p>\n<p>Em tempos de tarifa\u00e7o e margens apertadas, \u00e9 fundamental que produtores e exportadores observem a rela\u00e7\u00e3o entre pre\u00e7o, rentabilidade e custo. A queda nos valores reflete principalmente safras abundantes em diversas regi\u00f5es do mundo e estoques globais elevados, fatores que pressionam o pre\u00e7o internacional da oleaginosa.<\/p>\n<\/p><\/div>\n<p><br \/>\n<br \/><a href=\"https:\/\/www.canalrural.com.br\/agricultura\/projeto-soja-brasil\/tarifaco-nao-trava-comercializacao-de-soja-mas-receita-cambial-cai-em-cinco-anos\/\">Source link <\/a><\/p>\n","protected":false},"excerpt":{"rendered":"<p>Dados do Comex Stat indicam que o chamado tarifa\u00e7o aplicado pelos Estados Unidos ainda n\u00e3o impactou a comercializa\u00e7\u00e3o da soja<\/p>\n","protected":false},"author":1,"featured_media":18834,"comment_status":"open","ping_status":"open","sticky":false,"template":"","format":"standard","meta":{"_monsterinsights_skip_tracking":false,"_monsterinsights_sitenote_active":false,"_monsterinsights_sitenote_note":"","_monsterinsights_sitenote_category":0,"_uf_show_specific_survey":0,"_uf_disable_surveys":false,"footnotes":""},"categories":[1],"tags":[],"class_list":["post-18833","post","type-post","status-publish","format-standard","has-post-thumbnail","hentry","category-news"],"_links":{"self":[{"href":"https:\/\/agromt.news\/index.php?rest_route=\/wp\/v2\/posts\/18833"}],"collection":[{"href":"https:\/\/agromt.news\/index.php?rest_route=\/wp\/v2\/posts"}],"about":[{"href":"https:\/\/agromt.news\/index.php?rest_route=\/wp\/v2\/types\/post"}],"author":[{"embeddable":true,"href":"https:\/\/agromt.news\/index.php?rest_route=\/wp\/v2\/users\/1"}],"replies":[{"embeddable":true,"href":"https:\/\/agromt.news\/index.php?rest_route=%2Fwp%2Fv2%2Fcomments&post=18833"}],"version-history":[{"count":0,"href":"https:\/\/agromt.news\/index.php?rest_route=\/wp\/v2\/posts\/18833\/revisions"}],"wp:featuredmedia":[{"embeddable":true,"href":"https:\/\/agromt.news\/index.php?rest_route=\/wp\/v2\/media\/18834"}],"wp:attachment":[{"href":"https:\/\/agromt.news\/index.php?rest_route=%2Fwp%2Fv2%2Fmedia&parent=18833"}],"wp:term":[{"taxonomy":"category","embeddable":true,"href":"https:\/\/agromt.news\/index.php?rest_route=%2Fwp%2Fv2%2Fcategories&post=18833"},{"taxonomy":"post_tag","embeddable":true,"href":"https:\/\/agromt.news\/index.php?rest_route=%2Fwp%2Fv2%2Ftags&post=18833"}],"curies":[{"name":"wp","href":"https:\/\/api.w.org\/{rel}","templated":true}]}}