{"id":18831,"date":"2025-08-19T15:11:58","date_gmt":"2025-08-19T19:11:58","guid":{"rendered":"https:\/\/agromt.news\/?p=18831"},"modified":"2025-08-19T15:11:58","modified_gmt":"2025-08-19T19:11:58","slug":"frente-parlamentar-da-agropecuaria-e-cna-se-reunem-para-discutir-plano-clima","status":"publish","type":"post","link":"https:\/\/agromt.news\/?p=18831","title":{"rendered":"Frente Parlamentar da Agropecu\u00e1ria e CNA se re\u00fanem para discutir Plano Clima"},"content":{"rendered":"<p> <br \/>\n<br \/><img decoding=\"async\" src=\"https:\/\/agromt.news\/wp-content\/uploads\/2025\/08\/Frente-Parlamentar-da-Agropecuaria-e-CNA-se-reunem-para-discutir.jpg\" \/><\/p>\n<div>\n\t\t<iframe title=\"Plano Clima: produtores temem impacto na imagem do setor no exterior\" width=\"800\" height=\"450\" src=\"https:\/\/www.youtube.com\/embed\/CvctQCasCcU?feature=oembed\" frameborder=\"0\" allow=\"accelerometer; autoplay; clipboard-write; encrypted-media; gyroscope; picture-in-picture; web-share\" referrerpolicy=\"strict-origin-when-cross-origin\" allowfullscreen><\/iframe><noscript><iframe title=\"Plano Clima: produtores temem impacto na imagem do setor no exterior\" width=\"800\" height=\"450\" src=\"https:\/\/www.youtube.com\/embed\/CvctQCasCcU?feature=oembed\" frameborder=\"0\" allow=\"accelerometer; autoplay; clipboard-write; encrypted-media; gyroscope; picture-in-picture; web-share\" referrerpolicy=\"strict-origin-when-cross-origin\" allowfullscreen><\/iframe><\/noscript><\/p>\n<p>A Frente Parlamentar da Agropecu\u00e1ria (FPA) e a Confedera\u00e7\u00e3o da Agricultura e Pecu\u00e1ria do Brasil (CNA) se re\u00fanem nesta ter\u00e7a-feira (19) para discutir ajustes no Plano Clima, do governo federal, que traz uma radiografia do cen\u00e1rio ambiental do Brasil perante ao mundo a ser apresentado durante a COP 30, em Bel\u00e9m (PA).<\/p>\n<p>Para essas entidades, que t\u00eam uma ampla representatividade do setor agropecu\u00e1rio brasileiro, o plano ele precisa ser melhorado. De acordo com a FPA, h\u00e1 cinco pontos que coloca o Brasil em uma situa\u00e7\u00e3o confort\u00e1vel:<\/p>\n<\/div>\n<div>\n<ul class=\"wp-block-list\">\n<li>Base legal forte e hist\u00f3rica<\/li>\n<li>C\u00f3digo florestal<\/li>\n<li>Meta zero de desmatamento at\u00e9 2030<\/li>\n<li>Transpar\u00eancia e controle judicial<\/li>\n<li>Rastreabilidade e provas de conformidade<\/li>\n<\/ul>\n<p>Por parte e do governo, o Plano Clima est\u00e1 sendo reformulado em tr\u00eas eixos: mitiga\u00e7\u00e3o, adapta\u00e7\u00e3o e estrat\u00e9gias na defini\u00e7\u00e3o de a\u00e7\u00f5es de enfrentamento a mudan\u00e7a do clima no Brasil at\u00e9 2035. O pa\u00eds tamb\u00e9m defende a viabiliza\u00e7\u00e3o de um financiamento de US$ 1,3 trilh\u00e3o para os pa\u00edses em desenvolvimento at\u00e9 2035.<\/p>\n<\/p><\/div>\n<p><br \/>\n<br \/><a href=\"https:\/\/www.canalrural.com.br\/agricultura\/frente-parlamentar-da-agropecuaria-e-cna-se-reunem-para-discutir-plano-clima\/\">Source link <\/a><\/p>\n","protected":false},"excerpt":{"rendered":"<p>A Frente Parlamentar da Agropecu\u00e1ria (FPA) e a Confedera\u00e7\u00e3o da Agricultura e Pecu\u00e1ria do Brasil (CNA) se re\u00fanem nesta ter\u00e7a-feira<\/p>\n","protected":false},"author":1,"featured_media":18832,"comment_status":"open","ping_status":"open","sticky":false,"template":"","format":"standard","meta":{"_monsterinsights_skip_tracking":false,"_monsterinsights_sitenote_active":false,"_monsterinsights_sitenote_note":"","_monsterinsights_sitenote_category":0,"_uf_show_specific_survey":0,"_uf_disable_surveys":false,"footnotes":""},"categories":[1],"tags":[],"class_list":["post-18831","post","type-post","status-publish","format-standard","has-post-thumbnail","hentry","category-news"],"_links":{"self":[{"href":"https:\/\/agromt.news\/index.php?rest_route=\/wp\/v2\/posts\/18831"}],"collection":[{"href":"https:\/\/agromt.news\/index.php?rest_route=\/wp\/v2\/posts"}],"about":[{"href":"https:\/\/agromt.news\/index.php?rest_route=\/wp\/v2\/types\/post"}],"author":[{"embeddable":true,"href":"https:\/\/agromt.news\/index.php?rest_route=\/wp\/v2\/users\/1"}],"replies":[{"embeddable":true,"href":"https:\/\/agromt.news\/index.php?rest_route=%2Fwp%2Fv2%2Fcomments&post=18831"}],"version-history":[{"count":0,"href":"https:\/\/agromt.news\/index.php?rest_route=\/wp\/v2\/posts\/18831\/revisions"}],"wp:featuredmedia":[{"embeddable":true,"href":"https:\/\/agromt.news\/index.php?rest_route=\/wp\/v2\/media\/18832"}],"wp:attachment":[{"href":"https:\/\/agromt.news\/index.php?rest_route=%2Fwp%2Fv2%2Fmedia&parent=18831"}],"wp:term":[{"taxonomy":"category","embeddable":true,"href":"https:\/\/agromt.news\/index.php?rest_route=%2Fwp%2Fv2%2Fcategories&post=18831"},{"taxonomy":"post_tag","embeddable":true,"href":"https:\/\/agromt.news\/index.php?rest_route=%2Fwp%2Fv2%2Ftags&post=18831"}],"curies":[{"name":"wp","href":"https:\/\/api.w.org\/{rel}","templated":true}]}}