{"id":18825,"date":"2025-08-19T14:23:23","date_gmt":"2025-08-19T18:23:23","guid":{"rendered":"https:\/\/agromt.news\/?p=18825"},"modified":"2025-08-19T14:23:23","modified_gmt":"2025-08-19T18:23:23","slug":"em-edicao-historica-dia-do-algodao-celebra-25-anos-da-abapa-e-conecta-tradicao-e-inovacao","status":"publish","type":"post","link":"https:\/\/agromt.news\/?p=18825","title":{"rendered":"Em edi\u00e7\u00e3o hist\u00f3rica, Dia do Algod\u00e3o celebra 25 anos da Abapa e conecta tradi\u00e7\u00e3o e inova\u00e7\u00e3o"},"content":{"rendered":"<p> <br \/>\n<\/p>\n<div>\n<p style=\"text-align:justify\">Quarta edi\u00e7\u00e3o do evento, e momento alto da programa\u00e7\u00e3o de celebra\u00e7\u00f5es ao anivers\u00e1rio de 25 anos da Associa\u00e7\u00e3o Baiana dos Produtores de Algod\u00e3o (Abapa), o Dia do Algod\u00e3o 2025 j\u00e1 entra para a s\u00e9rie hist\u00f3rica n\u00e3o apenas como o maior em p\u00fablico \u2013 cerca de 1,7 mil pessoas este ano, contra aproximadamente 1,4 mil em 2024 \u2013 como tamb\u00e9m o mais inovador e emocionante dentre todos j\u00e1 realizados.\u00a0&#13;\n<\/p>\n<p style=\"text-align:justify\">Com novo formato, mais din\u00e2mico e interativo, o Dia do Algod\u00e3o teve a programa\u00e7\u00e3o estendida ao longo de todo o dia, e os participantes puderam circular entre esta\u00e7\u00f5es tem\u00e1ticas simult\u00e2neas, em uma estrutura que integrou tecnologia, sustentabilidade, gest\u00e3o, educa\u00e7\u00e3o, moda, inova\u00e7\u00e3o e mercado. O evento ocorreu na fazenda Santana do Grupo Franciosi, em Riach\u00e3o das Neves (BA), reunindo entre produtores rurais, pesquisadores, estudantes, empres\u00e1rios e autoridades.\u00a0<\/p>\n<p style=\"text-align:justify\">Entre as autoridades presentes, o governador da Bahia, Jer\u00f4nimo Rodrigues; o secret\u00e1rio estadual de Agricultura, Pecu\u00e1ria, Irriga\u00e7\u00e3o, Pesca e Agricultura (Seagri), Pablo Barrozo; a secret\u00e1ria estadual de Desenvolvimento Urbano, Jusmari Oliveira; o diretor da Ag\u00eancia de Defesa Agropecu\u00e1ria da Bahia (Adab), Vin\u00edcius Videira; o presidente da Associa\u00e7\u00e3o dos Agricultores e Irrigantes da Bahia (Aiba), Mois\u00e9s Schmidt; o prefeito de Riach\u00e3o das Neves, Moab Santana; o presidente da Associa\u00e7\u00e3o Brasileira dos Produtores de Algod\u00e3o (Abrapa), Gustavo Piccoli; o presidente da Associa\u00e7\u00e3o Nacional dos Exportadores de Algod\u00e3o (Anea), Dawid Wajs; e o presidente da Federa\u00e7\u00e3o das Ind\u00fastrias do Estado da Bahia (Fieb), Carlos Henrique Passos.<\/p>\n<p style=\"text-align:justify\">\u201cEsse Dia de Campo representa o que somos: uma cadeia conectada, que se apoia na ci\u00eancia, na coopera\u00e7\u00e3o e na busca constante por excel\u00eancia. Ao celebrarmos 25 anos da Abapa, reconhecemos o trabalho de quem construiu essa hist\u00f3ria e renovamos o compromisso com o futuro da cotonicultura baiana e brasileira\u201d, afirmou Alessandra Zanotto Costa, presidente da entidade.<\/p>\n<p style=\"text-align:justify\">Na noite anterior, em uma cerim\u00f4nia para convidados, a Abapa celebrou a passagem do seu Jubileu de Prata. O evento homenageou os pioneiros do <a href=\"https:\/\/www.agrolink.com.br\/culturas\/algodao\/\" target=\"_blank\" rel=\"noopener\">algod\u00e3o<\/a> na Bahia, relembrando a trajet\u00f3ria dos que, com coragem, ousaram transformar uma regi\u00e3o sem tradi\u00e7\u00e3o para a cotonicultura no segundo maior estado produtor do Brasil, no \u00faltimo quarto de s\u00e9culo.<\/p>\n<p style=\"text-align:justify\">Num ato simb\u00f3lico, os ex-presidentes da Abapa receberam uma placa comemorativa, enquanto um novelo de linha representativo do legado e do futuro da entidade era passado de m\u00e3o em m\u00e3o, entre antecessores e sucessores, desde o primeiro presidente, Jo\u00e3o Carlos Jacobsen Rodrigues, at\u00e9 a atual, Alessandra Zanotto Costa.\u00a0<\/p>\n<p style=\"text-align:justify\">Al\u00e9m deles, receberam a defer\u00eancia, em ordem cronol\u00f3gica de gest\u00e3o, Walter Horita, Isabel da Cunha, Celestino Zanella, J\u00falio C\u00e9zar Busato (representado pelo filho C\u00e9zar Busato), e Luiz Carlos Bergamaschi, que tamb\u00e9m n\u00e3o p\u00f4de estar presente. O encontro tamb\u00e9m marcou a inaugura\u00e7\u00e3o oficial do novo audit\u00f3rio da sede da Abapa, localizado ao lado da Bahia Farm Show, em Lu\u00eds Eduardo Magalh\u00e3es.<\/p>\n<p style=\"text-align:justify\">Na ocasi\u00e3o, o presidente da Anea, Dawid Wajs, prestou uma homenagem \u00e0 associa\u00e7\u00e3o. \u201cO Oeste baiano, hoje \u00e9 um polo de produ\u00e7\u00e3o moderna, sustent\u00e1vel e tecnol\u00f3gica. E isso s\u00f3 foi poss\u00edvel porque houve vis\u00e3o. Porque houve investimento. Porque houve coragem. A cotonicultura se transformou em vetor de desenvolvimento para a Bahia e para o Brasil. A hist\u00f3ria que voc\u00eas e a Abapa est\u00e3o escrevendo nesta regi\u00e3o \u00e9 um orgulho para o Brasil inteiro.\u201d<\/p>\n<p style=\"text-align:justify\">Um dos primeiros entusiastas da cotonicultura no Oeste da Bahia, Luiz Ant\u00f4nio Cansan\u00e7\u00e3o, falecido em 2019, recebeu in memoriam, uma homenagem atrav\u00e9s da fam\u00edlia, durante o evento. O pioneiro tamb\u00e9m foi enfaticamente celebrado no discurso de Jo\u00e3o Carlos Jacobsen, que leu uma carta assinada em grupo por amigos do homenageado.<\/p>\n<p style=\"text-align:justify\"><strong>Baianidade e brasilidade<\/strong><\/p>\n<p style=\"text-align:justify\">Na noite do jantar comemorativo e no pr\u00f3prio Dia do Algod\u00e3o, dois v\u00eddeos deram o tom de emo\u00e7\u00e3o \u00e0s celebra\u00e7\u00f5es: o primeiro um document\u00e1rio resgatando a hist\u00f3ria do algod\u00e3o no Oeste da Bahia, e o outro, o jingle \u201cNosso Algod\u00e3o\u201d, interpretado pela cantora Ana Mammeto, com participa\u00e7\u00e3o da Banda Did\u00e1 e do m\u00fasico Yacoce Sim\u00f5es. Mais do que pe\u00e7as audiovisuais, eles expressaram a baianidade, conectando o Oeste \u00e0s tradi\u00e7\u00f5es culturais da Bahia, e a brasilidade, reafirmando a identidade do algod\u00e3o como s\u00edmbolo de origem e de express\u00e3o cultural do pa\u00eds.<\/p>\n<p style=\"text-align:justify\"><strong>Mais que um dia de campo<\/strong><\/p>\n<p style=\"text-align:justify\">No dia seguinte, na abertura do 4\u00ba Dia do Algod\u00e3o, o governador da Bahia, Jer\u00f4nimo Rodrigues, reiterou o compromisso com o desenvolvimento do setor e defendeu a atua\u00e7\u00e3o conjunta entre governo e produtores. \u201cO papel do governo \u00e9 n\u00e3o atrapalhar quem produz. Estamos aqui para apoiar, ouvir e construir solu\u00e7\u00f5es junto com o setor. A Bahia precisa industrializar, agregar valor, gerar renda e empregos com base em tudo que j\u00e1 produz com excel\u00eancia. Essa \u00e9 uma pauta que n\u00e3o pode mais ser adiada\u201d, afirmou.&#13;\n<\/p>\n<p style=\"text-align:justify\">Durante o evento, o chefe do executivo recebeu um documento com as principais demandas do setor, entregue pela Abapa em conjunto com a Aiba, contendo pautas como infraestrutura log\u00edstica, energia, licenciamento ambiental e seguran\u00e7a jur\u00eddica.<\/p>\n<p style=\"text-align:justify\">\u201cO agroneg\u00f3cio \u00e9, sim, aliado do meio ambiente. Crescemos com sustentabilidade, inova\u00e7\u00e3o e tecnologia, e o Oeste d\u00e1 aula disso. Todos os pedidos apresentados s\u00e3o leg\u00edtimos e ser\u00e3o analisados com responsabilidade e dentro da legalidade. Tenho plena convic\u00e7\u00e3o de que podemos ampliar a produ\u00e7\u00e3o com uso cada vez mais eficiente da \u00e1gua, gerando mais empregos, renda e desenvolvimento para a regi\u00e3o. Essa carta entregue ao governador expressa exatamente isso: um compromisso firme com o futuro do agro baiano\u201d, disse Pablo Barrozo, secret\u00e1rio da Seagri.\u00a0<\/p>\n<p style=\"text-align:justify\">O prefeito de Riach\u00e3o das Neves, Moab Santana, destacou a relev\u00e2ncia do agroneg\u00f3cio para o desenvolvimento regional. \u201cO crescimento do munic\u00edpio tem a marca do agro em todos os cantos do nosso territ\u00f3rio. Temos, atualmente, uma cidade que se desenvolve com o apoio direto de fam\u00edlias e empresas que acreditaram nessa terra.\u201d J\u00e1 o presidente da Federa\u00e7\u00e3o das Ind\u00fastrias do Estado da Bahia (Fieb), Carlos Henrique Passos, refor\u00e7ou a import\u00e2ncia da conex\u00e3o entre agro e ind\u00fastria, lembrando que a valoriza\u00e7\u00e3o do algod\u00e3o passa tamb\u00e9m pelo avan\u00e7o na cadeia de transforma\u00e7\u00e3o. \u201cO que vimos no Dia do Algod\u00e3o \u00e9 a for\u00e7a de um setor organizado, que valoriza a tecnologia, o capital humano e o associativismo. O futuro passa pela agrega\u00e7\u00e3o de valor \u00e0 produ\u00e7\u00e3o, e a ind\u00fastria \u00e9 um elo essencial nesse processo.\u201d<\/p>\n<p style=\"text-align:justify\"><strong>Reconhecimento aos anfitri\u00f5es<\/strong><\/p>\n<p style=\"text-align:justify\">A fam\u00edlia Franciosi, do Grupo Franciosi, tamb\u00e9m pioneiros no Oeste da Bahia e j\u00e1 com novas gera\u00e7\u00f5es assumido posi\u00e7\u00f5es de comando nos neg\u00f3cios, foi especialmente reverenciada na solenidade de abertura do evento, por ceder a \u00e1rea da fazenda que sediou o Dia do Algod\u00e3o em 2025. \u00a0\u201cTemos muito orgulho de abrir as portas da nossa casa para esse encontro. O sucesso do Dia do Algod\u00e3o \u00e9 resultado do esfor\u00e7o coletivo, e nossos colaboradores s\u00e3o parte essencial dessa trajet\u00f3ria\u201d, disse, Valentina Franciosi, respons\u00e1vel por planejar e gerenciar os investimentos estruturais e de longo prazo da empresa em nome da fam\u00edlia (Capital Expenditure).<\/p>\n<p style=\"text-align:justify\"><strong>Conhecimento aplicado\u00a0<\/strong><\/p>\n<p style=\"text-align:justify\">O Dia do Algod\u00e3o da Abapa vai al\u00e9m do formato de um dia de campo t\u00e9cnico. Em esta\u00e7\u00f5es tem\u00e1ticas simult\u00e2neas, re\u00fane um amplo leque de assuntos \u2014 que incluem tecnologia, sustentabilidade, gest\u00e3o, educa\u00e7\u00e3o, moda e mercado \u2014 promovendo um espa\u00e7o de troca de conhecimento entre todos os elos da cadeia do algod\u00e3o. Pela manh\u00e3, os participantes tiveram acesso a tr\u00eas Esta\u00e7\u00f5es do Conhecimento, estruturadas para abordar temas dedicados \u00e0 evolu\u00e7\u00e3o da cotonicultura: mercado, inova\u00e7\u00e3o e agricultura regenerativa. Com din\u00e2micas simult\u00e2neas, o formato permitiu aos visitantes personalizar sua jornada, escolhendo os assuntos de maior relev\u00e2ncia para sua atua\u00e7\u00e3o no campo ou na ind\u00fastria.<\/p>\n<p style=\"text-align:justify\">Entre os destaques, a Esta\u00e7\u00e3o 1 contou com a participa\u00e7\u00e3o de Rodrigo Iafelice dos Santos, ex-CEO da Solinftec e cofundador da AgTrace, que tratou dos modelos de exporta\u00e7\u00e3o ancorados em tecnologia e novos padr\u00f5es de consumo. \u201cO consumidor est\u00e1 mais exigente e veloz em suas escolhas, e o algod\u00e3o produzido no Oeste da Bahia tem tudo para atender essa demanda, com qualidade, rastreabilidade e intelig\u00eancia. O Dia do Algod\u00e3o mostra que o agro brasileiro est\u00e1 pronto para esse novo ciclo\u201d, destacou.<\/p>\n<p style=\"text-align:justify\">A Esta\u00e7\u00e3o 2, dedicada \u00e0s \u201cSolu\u00e7\u00f5es efetivas para a Agricultura Regenerativa\u201d, foi conduzida por Rodrigo Buffon, da SPD Soil Diagnostic, que apresentou pr\u00e1ticas de manejo baseadas em diagn\u00f3sticos de solo, uso de plantas de cobertura e estrat\u00e9gias de resili\u00eancia agron\u00f4mica. \u00a0\u201c\u00c9 um privil\u00e9gio poder aprender e compartilhar com produtores e t\u00e9cnicos de alt\u00edssimo n\u00edvel. A agricultura regenerativa conversa diretamente com produtividade e bem-estar. E isso se reflete na ousadia dos produtores do Oeste baiano, que buscam inova\u00e7\u00e3o com responsabilidade ambiental. Com diagn\u00f3sticos adequados, conseguimos regenerar solos em pouco tempo, promovendo equil\u00edbrio qu\u00edmico, f\u00edsico e biol\u00f3gico\u201d, explicou.<\/p>\n<p style=\"text-align:justify\">Na Esta\u00e7\u00e3o 3, a Abrapa promoveu o painel \u201cEstrat\u00e9gia para o algod\u00e3o brasileiro\u201d, com media\u00e7\u00e3o de Luciano Thom\u00e9 de Castro, da Markestrat. O debate reuniu representantes de grandes grupos e entidades da cadeia da fibra, como Gustavo Piccoli (Abrapa), Dawid Wajs (Anea \/ Louis Dreyfus Company), Miguel Prado (Santa Colomba) e Aur\u00e9lio Pavinato (SLC Agr\u00edcola), em uma discuss\u00e3o sobre os rumos estrat\u00e9gicos do algod\u00e3o no Brasil, com foco em competitividade, agrega\u00e7\u00e3o de valor, sustentabilidade e presen\u00e7a global.<\/p>\n<p style=\"text-align:justify\">\u201cIniciativas como esta s\u00e3o fundamentais para o fortalecimento da cotonicultura brasileira, pois proporcionam troca de conhecimento, atualiza\u00e7\u00e3o t\u00e9cnica e integra\u00e7\u00e3o do setor. Tenho certeza de que os produtores sa\u00edram daqui mais preparados para aplicar novas solu\u00e7\u00f5es em suas propriedades\u201d, afirmou o presidente da Associa\u00e7\u00e3o Brasileira dos Produtores de Algod\u00e3o (Abrapa), Gustavo Piccoli.\u00a0<\/p>\n<p style=\"text-align:justify\"><strong>Cultivares em destaque<\/strong><\/p>\n<p style=\"text-align:justify\">Em paralelo \u00e0s esta\u00e7\u00f5es tem\u00e1ticas, os visitantes tamb\u00e9m puderam acompanhar as Esta\u00e7\u00f5es de Cultivares, conduzidas pelos especialistas Lu\u00eds Kasuya (Kasuya Intelig\u00eancia Agron\u00f4mica) e Eleusio Curvelo Freire (Embrapa). O objetivo foi oferecer uma vis\u00e3o aprofundada sobre novas variedades de algod\u00e3o, seu desempenho em campo, resist\u00eancia a pragas, qualidade da fibra e aspectos relacionados \u00e0 produtividade sustent\u00e1vel.<\/p>\n<p style=\"text-align:justify\"><strong>Mercado T\u00eaxtil\u00a0<\/strong><\/p>\n<p style=\"text-align:justify\">No per\u00edodo da tarde, os debates se deslocaram para o Espa\u00e7o Principal, com discuss\u00f5es sobre os rumos do setor t\u00eaxtil e de confec\u00e7\u00e3o, conectando a produ\u00e7\u00e3o da fibra no campo com os desafios da moda, do consumo e da sustentabilidade no varejo.\u00a0<\/p>\n<p style=\"text-align:justify\">O painel \u201cA vis\u00e3o de futuro \u2013 Setor t\u00eaxtil e de confec\u00e7\u00e3o\u201d, conduzido por Marcelo Ramos, gerente de Desenvolvimento Estrat\u00e9gico Sustent\u00e1vel do Senai CETIQT, trouxe reflex\u00f5es sobre as transforma\u00e7\u00f5es em curso na ind\u00fastria t\u00eaxtil e os novos paradigmas que moldam o comportamento do consumidor e os modelos de produ\u00e7\u00e3o. \u00a0\u201cQuando falamos de algod\u00e3o, falamos de uma agricultura cada vez mais regenerativa, tecnol\u00f3gica e conectada com os anseios do consumidor moderno. \u00c9 necess\u00e1rio mostrar de forma transparente o impacto e a origem da pe\u00e7a. \u00c9 isso que vai diferenciar o produto e fortalecer toda a cadeia, do campo \u00e0 loja\u201d, destacou.&#13;\n<\/p>\n<p style=\"text-align:justify\">A diretora de Rela\u00e7\u00f5es Institucionais da Abrapa e gestora do Movimento Sou de Algod\u00e3o, Silmara Ferraresi, apresentou a iniciativa que mira o posicionamento do algod\u00e3o brasileiro no mercado nacional por meio da moda e do engajamento com o consumidor. \u201cN\u00e3o se trata apenas de falar sobre o nosso trabalho, mas de construir reputa\u00e7\u00e3o a partir da atitude, da consist\u00eancia e do olhar de quem nos acompanha. Engajamos todos os elos da cadeia, desde o produtor at\u00e9 o consumidor final, com a\u00e7\u00f5es concretas e presen\u00e7a cont\u00ednua\u201d, afirmou.<\/p>\n<p style=\"text-align:justify\">Com ativa presen\u00e7a institucional no evento, o estande do movimento Sou de Algod\u00e3o celebrou os 25 anos da Abapa com a exposi\u00e7\u00e3o de looks assinados por estilistas baianos e camisetas da campanha SouABR, produzidas com algod\u00e3o rastre\u00e1vel cultivado por produtores da Bahia, sendo comercializadas para o p\u00fablico presente.<\/p>\n<p style=\"text-align:justify\">Legado<\/p>\n<p style=\"text-align:justify\">Um dos momentos simb\u00f3licos da programa\u00e7\u00e3o foi o painel \u201cA for\u00e7a da conex\u00e3o: o legado e os pr\u00f3ximos cap\u00edtulos da Abapa\u201d, moderado por Alessandra Zanotto Costa, com a participa\u00e7\u00e3o dos ex-presidentes Celestino Zanella, Walter Horita e Jo\u00e3o Carlos Jacobsen. O encontro promoveu uma reflex\u00e3o coletiva sobre os marcos estrat\u00e9gicos que consolidaram a cotonicultura na Bahia, os aprendizados acumulados ao longo de 25 anos e os caminhos que se desenham para o futuro da atividade.<\/p>\n<p style=\"text-align:justify\">Logo na abertura, Alessandra lan\u00e7ou aos ex-dirigentes uma provoca\u00e7\u00e3o: qual teria sido a decis\u00e3o mais estrat\u00e9gica da Abapa nas \u00faltimas duas d\u00e9cadas e meia?<br \/>&#13;<br \/>\nPara Jacobsen, a cria\u00e7\u00e3o do Programa de Incentivo \u00e0 Cultura do Algod\u00e3o na Bahia (Proalba) foi o ponto de inflex\u00e3o. \u201cFoi um passo determinante no in\u00edcio dessa trajet\u00f3ria. Com apoio t\u00e9cnico e estrutura institucional, conseguimos colocar o algod\u00e3o em posi\u00e7\u00e3o de destaque e gerar seguran\u00e7a para os produtores investirem\u201d, relembrou.<\/p>\n<p style=\"text-align:justify\">Walter Horita, por sua vez, destacou o papel do clima e da organiza\u00e7\u00e3o dos produtores na constru\u00e7\u00e3o da reputa\u00e7\u00e3o da fibra baiana. \u201cSomos o segundo maior produtor do pa\u00eds, mas com o algod\u00e3o de melhor qualidade. Isso \u00e9 resultado n\u00e3o apenas do ambiente, mas da postura dos produtores e da conex\u00e3o entre tecnologia e gest\u00e3o que sempre guiou o setor. O que estamos colhendo hoje \u00e9 fruto de trabalho coletivo e vis\u00e3o de longo prazo\u201d, afirmou.<\/p>\n<p style=\"text-align:justify\">J\u00e1 Celestino Zanella refor\u00e7ou que a identidade da Abapa sempre esteve ancorada na capacidade de antecipar desafios. \u201cA decis\u00e3o mais importante da entidade foi justamente ser quem ela \u00e9. Manter o olhar voltado para o futuro, com coragem para inovar e responsabilidade com o presente\u201d, disse. Zanella ainda fez um alerta sobre a concorr\u00eancia crescente das fibras sint\u00e9ticas e o papel do Brasil na constru\u00e7\u00e3o de uma oferta est\u00e1vel e confi\u00e1vel para o mercado internacional: \u201cTemos que mostrar ao mundo que podemos entregar algod\u00e3o com qualidade, rastreabilidade e responsabilidade. Essa \u00e9 a nossa vantagem competitiva.\u201d<\/p>\n<p style=\"text-align:justify\">Alessandra Zanotto encerrou o painel com um agradecimento aos antecessores e um compromisso com os pr\u00f3ximos ciclos da entidade. \u201cA for\u00e7a da Abapa est\u00e1 justamente na conex\u00e3o entre as gera\u00e7\u00f5es, na continuidade de princ\u00edpios e na constru\u00e7\u00e3o coletiva de um setor que acredita no associativismo como motor de desenvolvimento. Seguimos comprometidos com inova\u00e7\u00e3o, sustentabilidade e responsabilidade com cada elo dessa cadeia que ajudamos a fortalecer\u201d, concluiu. \u201cCelebrar os 25 anos da Abapa \u00e9 reconhecer o esfor\u00e7o coletivo que construiu essa hist\u00f3ria. S\u00e3o produtores, t\u00e9cnicos, institui\u00e7\u00f5es, empresas e entidades que acreditaram no poder da organiza\u00e7\u00e3o, da representatividade e da conex\u00e3o como base para o crescimento sustent\u00e1vel do setor\u201d, afirmou Alessandra.<\/p>\n<p style=\"text-align:justify\"><img decoding=\"async\" class=\"img-fluid\" src=\"https:\/\/www.agrolink.com.br\/Upload\/noticias\/a43b8def410e441ebe06923f9b59e5eb.jpg\"\/><\/p>\n<p style=\"text-align:justify\"><img decoding=\"async\" class=\"img-fluid\" src=\"https:\/\/www.agrolink.com.br\/Upload\/noticias\/273144aa6cdd41168c0908a3f20f60a9.jpg\"\/><\/p>\n<p style=\"text-align:justify\"><img decoding=\"async\" class=\"img-fluid\" src=\"https:\/\/www.agrolink.com.br\/Upload\/noticias\/6822482f7e5a4617a0d5a61146e9f495.jpg\"\/><\/p>\n<\/p><\/div>\n<p><script data-cfasync=\"false\">\n    !function (f, b, e, v, n, t, s) {\n        if (f.fbq) return; n = f.fbq = function () {\n            n.callMethod ?\n                n.callMethod.apply(n, arguments) : n.queue.push(arguments)\n        };\n        if (!f._fbq) f._fbq = n; n.push = n; n.loaded = !0; n.version = '2.0';\n        n.queue = []; t = b.createElement(e); t.async = !0;\n        t.src = v; s = b.getElementsByTagName(e)[0];\n        s.parentNode.insertBefore(t, s)\n    }(window, document, 'script',\n        'https:\/\/connect.facebook.net\/en_US\/fbevents.js');\n    fbq('init', '522546078623747');\n    fbq('track', 'PageView');\n<\/script><br \/>\n<br \/><br \/>\n<br \/><a href=\"https:\/\/www.agrolink.com.br\/noticias\/em-edicao-historica--dia-do-algodao-celebra-25-anos-da-abapa-e-conecta-tradicao-e-inovacao_505039.html\">Source link <\/a><\/p>\n","protected":false},"excerpt":{"rendered":"<p>Quarta edi\u00e7\u00e3o do evento, e momento alto da programa\u00e7\u00e3o de celebra\u00e7\u00f5es ao anivers\u00e1rio de 25 anos da Associa\u00e7\u00e3o Baiana dos<\/p>\n","protected":false},"author":1,"featured_media":18826,"comment_status":"open","ping_status":"open","sticky":false,"template":"","format":"standard","meta":{"_monsterinsights_skip_tracking":false,"_monsterinsights_sitenote_active":false,"_monsterinsights_sitenote_note":"","_monsterinsights_sitenote_category":0,"_uf_show_specific_survey":0,"_uf_disable_surveys":false,"footnotes":""},"categories":[8,1,14],"tags":[],"class_list":["post-18825","post","type-post","status-publish","format-standard","has-post-thumbnail","hentry","category-agro","category-news","category-politica-agro"],"_links":{"self":[{"href":"https:\/\/agromt.news\/index.php?rest_route=\/wp\/v2\/posts\/18825"}],"collection":[{"href":"https:\/\/agromt.news\/index.php?rest_route=\/wp\/v2\/posts"}],"about":[{"href":"https:\/\/agromt.news\/index.php?rest_route=\/wp\/v2\/types\/post"}],"author":[{"embeddable":true,"href":"https:\/\/agromt.news\/index.php?rest_route=\/wp\/v2\/users\/1"}],"replies":[{"embeddable":true,"href":"https:\/\/agromt.news\/index.php?rest_route=%2Fwp%2Fv2%2Fcomments&post=18825"}],"version-history":[{"count":0,"href":"https:\/\/agromt.news\/index.php?rest_route=\/wp\/v2\/posts\/18825\/revisions"}],"wp:featuredmedia":[{"embeddable":true,"href":"https:\/\/agromt.news\/index.php?rest_route=\/wp\/v2\/media\/18826"}],"wp:attachment":[{"href":"https:\/\/agromt.news\/index.php?rest_route=%2Fwp%2Fv2%2Fmedia&parent=18825"}],"wp:term":[{"taxonomy":"category","embeddable":true,"href":"https:\/\/agromt.news\/index.php?rest_route=%2Fwp%2Fv2%2Fcategories&post=18825"},{"taxonomy":"post_tag","embeddable":true,"href":"https:\/\/agromt.news\/index.php?rest_route=%2Fwp%2Fv2%2Ftags&post=18825"}],"curies":[{"name":"wp","href":"https:\/\/api.w.org\/{rel}","templated":true}]}}