{"id":18821,"date":"2025-08-19T12:36:01","date_gmt":"2025-08-19T16:36:01","guid":{"rendered":"https:\/\/agromt.news\/?p=18821"},"modified":"2025-08-19T12:36:01","modified_gmt":"2025-08-19T16:36:01","slug":"morte-de-cavalo-por-maus-tratos-e-investigada-pela-policia-de-sao-paulo","status":"publish","type":"post","link":"https:\/\/agromt.news\/?p=18821","title":{"rendered":"Morte de cavalo por maus-tratos \u00e9 investigada pela pol\u00edcia de S\u00e3o Paulo"},"content":{"rendered":"<p> <br \/>\n<br \/><img decoding=\"async\" src=\"https:\/\/agromt.news\/wp-content\/uploads\/2025\/08\/Morte-de-cavalo-por-maus-tratos-e-investigada-pela-policia-de.jpeg\" \/><\/p>\n<div>\n<p>A morte de um cavalo ocorrida ap\u00f3s maus-tratos est\u00e1 sendo investigada pela Pol\u00edcia Civil de S\u00e3o Paulo. O epis\u00f3dio ocorreu no \u00faltimo s\u00e1bado (16), na cidade de Bananal, no interior de S\u00e3o Paulo.<\/p>\n<p>Segundo a SSP (Secretaria de Seguran\u00e7a P\u00fablica de S\u00e3o Paulo), o tutor do animal e uma testemunha prestaram depoimento \u00e0 policia na segunda-feira (18). O caso est\u00e1 sendo investigado como pr\u00e1tica de abuso a animal, com agravante pela morte.<\/p>\n<\/div>\n<div>\n<p><em>Veja em primeira m\u00e3o tudo sobre agricultura, pecu\u00e1ria, economia e previs\u00e3o do tempo:<\/em><a href=\"https:\/\/news.google.com\/publications\/CAAqBwgKMPKZlQswq_mqAw?hl=pt-BR&amp;gl=BR&amp;ceid=BR%3Apt-419\" target=\"_blank\" rel=\"noreferrer noopener\"><em>\u00a0siga o Canal Rural no Google News!<\/em><\/a><\/p>\n<p>Imagens que mostram os maus-tratos est\u00e3o circulando nas redes sociais e despertando como\u00e7\u00e3o. A cantora Ana Castela e a ativista Lu\u00edsa Mell chegaram a se pronunciar sobre o espis\u00f3dio em suas redes, exigindo puni\u00e7\u00e3o. Ainda de acordo com a SSP, as investiga\u00e7\u00f5es continuam em andamento.<\/p>\n<\/p><\/div>\n<p><br \/>\n<br \/><a href=\"https:\/\/www.canalrural.com.br\/diversos\/morte-de-cavalo-por-maus-tratos-e-investigada-pela-policia-de-sao-paulo\/\">Source link <\/a><\/p>\n","protected":false},"excerpt":{"rendered":"<p>A morte de um cavalo ocorrida ap\u00f3s maus-tratos est\u00e1 sendo investigada pela Pol\u00edcia Civil de S\u00e3o Paulo. O epis\u00f3dio ocorreu<\/p>\n","protected":false},"author":1,"featured_media":18822,"comment_status":"open","ping_status":"open","sticky":false,"template":"","format":"standard","meta":{"_monsterinsights_skip_tracking":false,"_monsterinsights_sitenote_active":false,"_monsterinsights_sitenote_note":"","_monsterinsights_sitenote_category":0,"_uf_show_specific_survey":0,"_uf_disable_surveys":false,"footnotes":""},"categories":[1],"tags":[],"class_list":["post-18821","post","type-post","status-publish","format-standard","has-post-thumbnail","hentry","category-news"],"_links":{"self":[{"href":"https:\/\/agromt.news\/index.php?rest_route=\/wp\/v2\/posts\/18821"}],"collection":[{"href":"https:\/\/agromt.news\/index.php?rest_route=\/wp\/v2\/posts"}],"about":[{"href":"https:\/\/agromt.news\/index.php?rest_route=\/wp\/v2\/types\/post"}],"author":[{"embeddable":true,"href":"https:\/\/agromt.news\/index.php?rest_route=\/wp\/v2\/users\/1"}],"replies":[{"embeddable":true,"href":"https:\/\/agromt.news\/index.php?rest_route=%2Fwp%2Fv2%2Fcomments&post=18821"}],"version-history":[{"count":0,"href":"https:\/\/agromt.news\/index.php?rest_route=\/wp\/v2\/posts\/18821\/revisions"}],"wp:featuredmedia":[{"embeddable":true,"href":"https:\/\/agromt.news\/index.php?rest_route=\/wp\/v2\/media\/18822"}],"wp:attachment":[{"href":"https:\/\/agromt.news\/index.php?rest_route=%2Fwp%2Fv2%2Fmedia&parent=18821"}],"wp:term":[{"taxonomy":"category","embeddable":true,"href":"https:\/\/agromt.news\/index.php?rest_route=%2Fwp%2Fv2%2Fcategories&post=18821"},{"taxonomy":"post_tag","embeddable":true,"href":"https:\/\/agromt.news\/index.php?rest_route=%2Fwp%2Fv2%2Ftags&post=18821"}],"curies":[{"name":"wp","href":"https:\/\/api.w.org\/{rel}","templated":true}]}}