{"id":18813,"date":"2025-08-19T11:34:07","date_gmt":"2025-08-19T15:34:07","guid":{"rendered":"https:\/\/agromt.news\/?p=18813"},"modified":"2025-08-19T11:34:07","modified_gmt":"2025-08-19T15:34:07","slug":"cenario-externo-pressiona-as-cotacoes-no-brasil","status":"publish","type":"post","link":"https:\/\/agromt.news\/?p=18813","title":{"rendered":"cen\u00e1rio externo pressiona as cota\u00e7\u00f5es no Brasil"},"content":{"rendered":"<p> <br \/>\n<br \/><img decoding=\"async\" src=\"https:\/\/agromt.news\/wp-content\/uploads\/2025\/08\/cenario-externo-pressiona-as-cotacoes-no-Brasil.jpg\" \/><\/p>\n<div>\n<p>Os pre\u00e7os internos do trigo ca\u00edram na \u00faltima semana, em linha com o mercado externo e a paridade de importa\u00e7\u00e3o. \u00c9 isso o que mostram os levantamentos do <a href=\"https:\/\/www.canalrural.com.br\/tag\/cepea\/\">Centro de Estudos Avan\u00e7ados em Economia Aplicada (Cepea).<\/a><\/p>\n<p>Segundo o Centro de Pesquisas, as estimativas de oferta e demanda de trigo no Brasil seguem apontando produ\u00e7\u00e3o ligeiramente menor em 2025. No entanto, os maiores estoques de passagem (julho\/25), influenciados pelas importa\u00e7\u00f5es aquecidas, devem manter elevada a disponibilidade interna.\u00a0<\/p>\n<\/div>\n<div>\n<p>Esse cen\u00e1rio, atrelado \u00e0s desvaloriza\u00e7\u00f5es externa e do d\u00f3lar, que favorecem as importa\u00e7\u00f5es, pressionou as cota\u00e7\u00f5es dom\u00e9sticas do cereal. Conforme dados divulgados neste m\u00eas pela Conab e analisados pelo Cepea, a \u00e1rea de trigo no Brasil \u00e9 estimada em 2,55 milh\u00f5es de hectares, queda de 16,7% sobre a temporada passada.\u00a0<\/p>\n<p>Por\u00e9m, a produtividade pode crescer 19%, para 3,07 t\/ha, o que resultaria em produ\u00e7\u00e3o de 7,81 milh\u00f5es de toneladas em 2025, apenas 1% abaixo da de 2024.<\/p>\n<p><em>*Sob supervis\u00e3o de Luis Roberto Toledo<\/em><\/p>\n<\/p><\/div>\n<p><br \/>\n<br \/><a href=\"https:\/\/www.canalrural.com.br\/agricultura\/trigo-cenario-externo-pressiona-as-cotacoes-no-brasil\/\">Source link <\/a><\/p>\n","protected":false},"excerpt":{"rendered":"<p>Os pre\u00e7os internos do trigo ca\u00edram na \u00faltima semana, em linha com o mercado externo e a paridade de importa\u00e7\u00e3o.<\/p>\n","protected":false},"author":1,"featured_media":18814,"comment_status":"open","ping_status":"open","sticky":false,"template":"","format":"standard","meta":{"_monsterinsights_skip_tracking":false,"_monsterinsights_sitenote_active":false,"_monsterinsights_sitenote_note":"","_monsterinsights_sitenote_category":0,"_uf_show_specific_survey":0,"_uf_disable_surveys":false,"footnotes":""},"categories":[1],"tags":[],"class_list":["post-18813","post","type-post","status-publish","format-standard","has-post-thumbnail","hentry","category-news"],"_links":{"self":[{"href":"https:\/\/agromt.news\/index.php?rest_route=\/wp\/v2\/posts\/18813"}],"collection":[{"href":"https:\/\/agromt.news\/index.php?rest_route=\/wp\/v2\/posts"}],"about":[{"href":"https:\/\/agromt.news\/index.php?rest_route=\/wp\/v2\/types\/post"}],"author":[{"embeddable":true,"href":"https:\/\/agromt.news\/index.php?rest_route=\/wp\/v2\/users\/1"}],"replies":[{"embeddable":true,"href":"https:\/\/agromt.news\/index.php?rest_route=%2Fwp%2Fv2%2Fcomments&post=18813"}],"version-history":[{"count":0,"href":"https:\/\/agromt.news\/index.php?rest_route=\/wp\/v2\/posts\/18813\/revisions"}],"wp:featuredmedia":[{"embeddable":true,"href":"https:\/\/agromt.news\/index.php?rest_route=\/wp\/v2\/media\/18814"}],"wp:attachment":[{"href":"https:\/\/agromt.news\/index.php?rest_route=%2Fwp%2Fv2%2Fmedia&parent=18813"}],"wp:term":[{"taxonomy":"category","embeddable":true,"href":"https:\/\/agromt.news\/index.php?rest_route=%2Fwp%2Fv2%2Fcategories&post=18813"},{"taxonomy":"post_tag","embeddable":true,"href":"https:\/\/agromt.news\/index.php?rest_route=%2Fwp%2Fv2%2Ftags&post=18813"}],"curies":[{"name":"wp","href":"https:\/\/api.w.org\/{rel}","templated":true}]}}