{"id":18812,"date":"2025-08-19T11:20:03","date_gmt":"2025-08-19T15:20:03","guid":{"rendered":"https:\/\/agromt.news\/?p=18812"},"modified":"2025-08-19T11:20:03","modified_gmt":"2025-08-19T15:20:03","slug":"suspensao-da-moratoria-da-soja-e-vitoria-historica-para-os-produtores-afirma-presidente-da-aprosoja-mt","status":"publish","type":"post","link":"https:\/\/agromt.news\/?p=18812","title":{"rendered":"&#8216;Suspens\u00e3o da Morat\u00f3ria da Soja \u00e9 vit\u00f3ria hist\u00f3rica para os produtores&#8217;, afirma presidente da Aprosoja MT"},"content":{"rendered":"<p> <br \/>\n<br \/><img decoding=\"async\" src=\"https:\/\/agromt.news\/wp-content\/uploads\/2025\/06\/Moratoria-da-Soja-trava-bilhoes-no-campo-STF-suspende-julgamento.jpg\" \/><\/p>\n<div>\n<p>Um novo passo foi dado para os produtores de Mato Grosso rumo \u00e0 liberdade econ\u00f4mica e ao reconhecimento daqueles que seguem dentro da legalidade. O Conselho Administrativo de Defesa Econ\u00f4mica (Cade) aceitou, nesta segunda-feira (18), <a href=\"https:\/\/www.canalrural.com.br\/agricultura\/moratoria-da-soja-e-suspensa-e-signatarias-podem-ter-de-pagar-multa-bilionaria\/\">uma medida cautelar que suspende o acordo <\/a>da Morat\u00f3ria da Soja.<\/p>\n<figure class=\"wp-block-embed is-type-video is-provider-youtube wp-block-embed-youtube wp-embed-aspect-16-9 wp-has-aspect-ratio\">\n<p>\n<iframe title=\"Aprosoja MT comenta suspens\u00e3o da Morat\u00f3ria da Soja\" width=\"800\" height=\"450\" src=\"https:\/\/www.youtube.com\/embed\/nUdIm6R91zw?feature=oembed\" frameborder=\"0\" allow=\"accelerometer; autoplay; clipboard-write; encrypted-media; gyroscope; picture-in-picture; web-share\" referrerpolicy=\"strict-origin-when-cross-origin\" allowfullscreen><\/iframe><noscript><iframe title=\"Aprosoja MT comenta suspens\u00e3o da Morat\u00f3ria da Soja\" width=\"800\" height=\"450\" src=\"https:\/\/www.youtube.com\/embed\/nUdIm6R91zw?feature=oembed\" frameborder=\"0\" allow=\"accelerometer; autoplay; clipboard-write; encrypted-media; gyroscope; picture-in-picture; web-share\" referrerpolicy=\"strict-origin-when-cross-origin\" allowfullscreen><\/iframe><\/noscript>\n<\/p>\n<\/figure>\n<ul class=\"wp-block-list\">\n<li><strong><em>Fique por dentro das novidades e not\u00edcias recentes sobre a soja! Participe da nossa comunidade atrav\u00e9s do\u00a0<a href=\"https:\/\/chat.whatsapp.com\/BmMRwA0TZ2DHGyhzoaVEWu\">link<\/a>! \ud83c\udf31<\/em><\/strong><\/li>\n<\/ul>\n<p>A Aprosoja-MT, que h\u00e1 anos lidera o movimento contra a Morat\u00f3ria da Soja, comemora a decis\u00e3o e classifica o resultado como um marco hist\u00f3rico em defesa da livre concorr\u00eancia e da produ\u00e7\u00e3o legal no campo. \u201cA decis\u00e3o do Cade \u00e9 uma vit\u00f3ria hist\u00f3rica de todos os produtores de Mato Grosso e do bioma amaz\u00f4nico, principalmente os mais afetados pela Morat\u00f3ria da Soja\u201d, afirma o presidente da associa\u00e7\u00e3o, Lucas Costa Beber.<\/p>\n<p>Segundo o presidente, o acordo imp\u00f5e restri\u00e7\u00f5es de mercado, compromete a liberdade dos produtores e apresenta ind\u00edcios de cartel de compras, j\u00e1 que as empresas envolvidas respondem por mais de 90% do mercado da soja.<\/p>\n<\/div>\n<div>\n<h3 class=\"wp-block-heading\" id=\"h-restricoes-da-moratoria-da-soja\">Restri\u00e7\u00f5es da Morat\u00f3ria da Soja<\/h3>\n<p>Lucas Beber lembra que a Morat\u00f3ria foi criada em 2006 sob o argumento de conter o desmatamento ilegal, mas que, na pr\u00e1tica, nunca cumpriu esse papel. \u201cAs entidades do setor produtivo, como a Aprosoja-MT, nunca participaram da elabora\u00e7\u00e3o desse acordo. As empresas continuaram impondo restri\u00e7\u00f5es, colocando na ilegalidade produtores que cumprem rigorosamente a legisla\u00e7\u00e3o. Isso gerou disparidade no mercado e prejudicou milhares de fam\u00edlias\u201d, destaca.<\/p>\n<h3 class=\"wp-block-heading\" id=\"h-aprosoja-mt-na-linha-de-frente\">Aprosoja-MT na linha de frente<\/h3>\n<p>Desde 2018, a Aprosoja-MT levanta com firmeza essa bandeira, intensificando a luta pol\u00edtica e jur\u00eddica ao longo dos anos. \u201cA Aprosoja foi a primeira entidade a se posicionar contra a Morat\u00f3ria. O Cade unifica as a\u00e7\u00f5es apresentadas pela CNA e pela Aprosoja-MT, mas a tese aceita \u00e9 justamente aquela defendida por n\u00f3s, garantindo justi\u00e7a a todos os produtores de Mato Grosso. O Cade constata ind\u00edcios de cartel e suspende os efeitos da Morat\u00f3ria. Agora, as empresas precisam se defender e, para que a suspens\u00e3o seja definitiva, ser\u00e1 necess\u00e1rio o julgamento do m\u00e9rito pelo \u00f3rg\u00e3o\u201d, diz Beber.<\/p>\n<p>O presidente refor\u00e7a que a Aprosoja-MT continua firme na defesa dos produtores. \u201cNunca vamos parar de lutar pela soberania e pela liberdade. N\u00e3o podemos aceitar que acordos comerciais restrinjam a atividade agr\u00edcola e impe\u00e7am o desenvolvimento dos produtores, dos estados e dos munic\u00edpios brasileiros\u201d, conclui.<\/p>\n<\/p><\/div>\n<p><br \/>\n<br \/><a href=\"https:\/\/www.canalrural.com.br\/agricultura\/projeto-soja-brasil\/a-suspensao-da-moratoria-da-soja-e-uma-vitoria-historica-para-todos-os-produtores-afirma-o-presidente-da-aprosoja-mt\/\">Source link <\/a><\/p>\n","protected":false},"excerpt":{"rendered":"<p>Um novo passo foi dado para os produtores de Mato Grosso rumo \u00e0 liberdade econ\u00f4mica e ao reconhecimento daqueles que<\/p>\n","protected":false},"author":1,"featured_media":14686,"comment_status":"open","ping_status":"open","sticky":false,"template":"","format":"standard","meta":{"_monsterinsights_skip_tracking":false,"_monsterinsights_sitenote_active":false,"_monsterinsights_sitenote_note":"","_monsterinsights_sitenote_category":0,"_uf_show_specific_survey":0,"_uf_disable_surveys":false,"footnotes":""},"categories":[1],"tags":[],"class_list":["post-18812","post","type-post","status-publish","format-standard","has-post-thumbnail","hentry","category-news"],"_links":{"self":[{"href":"https:\/\/agromt.news\/index.php?rest_route=\/wp\/v2\/posts\/18812"}],"collection":[{"href":"https:\/\/agromt.news\/index.php?rest_route=\/wp\/v2\/posts"}],"about":[{"href":"https:\/\/agromt.news\/index.php?rest_route=\/wp\/v2\/types\/post"}],"author":[{"embeddable":true,"href":"https:\/\/agromt.news\/index.php?rest_route=\/wp\/v2\/users\/1"}],"replies":[{"embeddable":true,"href":"https:\/\/agromt.news\/index.php?rest_route=%2Fwp%2Fv2%2Fcomments&post=18812"}],"version-history":[{"count":0,"href":"https:\/\/agromt.news\/index.php?rest_route=\/wp\/v2\/posts\/18812\/revisions"}],"wp:featuredmedia":[{"embeddable":true,"href":"https:\/\/agromt.news\/index.php?rest_route=\/wp\/v2\/media\/14686"}],"wp:attachment":[{"href":"https:\/\/agromt.news\/index.php?rest_route=%2Fwp%2Fv2%2Fmedia&parent=18812"}],"wp:term":[{"taxonomy":"category","embeddable":true,"href":"https:\/\/agromt.news\/index.php?rest_route=%2Fwp%2Fv2%2Fcategories&post=18812"},{"taxonomy":"post_tag","embeddable":true,"href":"https:\/\/agromt.news\/index.php?rest_route=%2Fwp%2Fv2%2Ftags&post=18812"}],"curies":[{"name":"wp","href":"https:\/\/api.w.org\/{rel}","templated":true}]}}