{"id":18811,"date":"2025-08-19T11:06:23","date_gmt":"2025-08-19T15:06:23","guid":{"rendered":"https:\/\/agromt.news\/?p=18811"},"modified":"2025-08-19T11:06:23","modified_gmt":"2025-08-19T15:06:23","slug":"acucar-volume-negociado-tem-aumento-expressivo-de-57","status":"publish","type":"post","link":"https:\/\/agromt.news\/?p=18811","title":{"rendered":"A\u00e7\u00facar: volume negociado tem aumento expressivo de 57%"},"content":{"rendered":"<p> <br \/>\n<br \/><img decoding=\"async\" src=\"https:\/\/agromt.news\/wp-content\/uploads\/2024\/11\/acucar.jpeg\" \/><\/p>\n<div>\n<p>A liquidez no mercado spot de a\u00e7\u00facar cristal do estado de S\u00e3o Paulo entre 11 e 15 de agosto, aumentou expressivos 57% em rela\u00e7\u00e3o ao volume registrado na primeira semana do m\u00eas. Isso \u00e9 o que mostram os dados do <a href=\"https:\/\/www.canalrural.com.br\/tag\/cepea\/\">Centro de Estudos Avan\u00e7ados em Economia Aplicada (Cepea).<\/a><\/p>\n<p>Segundo o instituto, o aumento se deve frente a negocia\u00e7\u00f5es pontuais envolvendo maiores quantidades. Dessa forma, a m\u00e9dia do Indicador Cepea\/Esalq foi de R$ 119,98\/saca de 50 kg, de 11 a 15 de agosto, praticamente inalterada frente \u00e0 registrada no intervalo anterior.<\/p>\n<p>Pesquisadores do Cepea explicam que a constata\u00e7\u00e3o de baixo rendimento da cana-de-a\u00e7\u00facar mo\u00edda nesta temporada 2025\/26 tem levado usinas a manterem firmes os pre\u00e7os ofertados do cristal para pronta-entrega.\u00a0<\/p>\n<\/div>\n<div>\n<p>Segundo a Unica, no acumulado da safra, de abril\/25 at\u00e9 julho\/25, em S\u00e3o Paulo, o n\u00edvel de a\u00e7\u00facares totais recuper\u00e1veis (ATR) \u00e9 de 128,07 kg por tonelada de cana. Assim, o valor representa queda de 3,79% sobre o mesmo per\u00edodo da temporada passada, 2024\/25 (133,12 kg de ATR\/tonelada de cana).\u00a0<\/p>\n<p>A produ\u00e7\u00e3o de a\u00e7\u00facar no estado paulista totalizou 12,322 milh\u00f5es de toneladas na parcial da atual safra, baixa de 11,41% em igual comparativo.<\/p>\n<p><em>*Sob supervis\u00e3o de Luis Roberto Toledo<\/em><\/p>\n<\/p><\/div>\n<p><br \/>\n<br \/><a href=\"https:\/\/www.canalrural.com.br\/agricultura\/acucar-volume-negociado-tem-aumento-expressivo-de-57\/\">Source link <\/a><\/p>\n","protected":false},"excerpt":{"rendered":"<p>A liquidez no mercado spot de a\u00e7\u00facar cristal do estado de S\u00e3o Paulo entre 11 e 15 de agosto, aumentou<\/p>\n","protected":false},"author":1,"featured_media":5357,"comment_status":"open","ping_status":"open","sticky":false,"template":"","format":"standard","meta":{"_monsterinsights_skip_tracking":false,"_monsterinsights_sitenote_active":false,"_monsterinsights_sitenote_note":"","_monsterinsights_sitenote_category":0,"_uf_show_specific_survey":0,"_uf_disable_surveys":false,"footnotes":""},"categories":[1],"tags":[],"class_list":["post-18811","post","type-post","status-publish","format-standard","has-post-thumbnail","hentry","category-news"],"_links":{"self":[{"href":"https:\/\/agromt.news\/index.php?rest_route=\/wp\/v2\/posts\/18811"}],"collection":[{"href":"https:\/\/agromt.news\/index.php?rest_route=\/wp\/v2\/posts"}],"about":[{"href":"https:\/\/agromt.news\/index.php?rest_route=\/wp\/v2\/types\/post"}],"author":[{"embeddable":true,"href":"https:\/\/agromt.news\/index.php?rest_route=\/wp\/v2\/users\/1"}],"replies":[{"embeddable":true,"href":"https:\/\/agromt.news\/index.php?rest_route=%2Fwp%2Fv2%2Fcomments&post=18811"}],"version-history":[{"count":0,"href":"https:\/\/agromt.news\/index.php?rest_route=\/wp\/v2\/posts\/18811\/revisions"}],"wp:featuredmedia":[{"embeddable":true,"href":"https:\/\/agromt.news\/index.php?rest_route=\/wp\/v2\/media\/5357"}],"wp:attachment":[{"href":"https:\/\/agromt.news\/index.php?rest_route=%2Fwp%2Fv2%2Fmedia&parent=18811"}],"wp:term":[{"taxonomy":"category","embeddable":true,"href":"https:\/\/agromt.news\/index.php?rest_route=%2Fwp%2Fv2%2Fcategories&post=18811"},{"taxonomy":"post_tag","embeddable":true,"href":"https:\/\/agromt.news\/index.php?rest_route=%2Fwp%2Fv2%2Ftags&post=18811"}],"curies":[{"name":"wp","href":"https:\/\/api.w.org\/{rel}","templated":true}]}}