{"id":18809,"date":"2025-08-19T10:38:29","date_gmt":"2025-08-19T14:38:29","guid":{"rendered":"https:\/\/agromt.news\/?p=18809"},"modified":"2025-08-19T10:38:29","modified_gmt":"2025-08-19T14:38:29","slug":"numero-de-mortos-da-tragedia-das-enchentes-no-rio-grande-do-sul-sobe-para-185","status":"publish","type":"post","link":"https:\/\/agromt.news\/?p=18809","title":{"rendered":"N\u00famero de mortos da trag\u00e9dia das enchentes no Rio Grande do Sul sobe para 185"},"content":{"rendered":"<p> <br \/>\n<br \/><img decoding=\"async\" src=\"https:\/\/agromt.news\/wp-content\/uploads\/2025\/06\/Chuva-causa-estrago-em-126-municipios-gauchos-previsao-indica-termometros.jpg\" \/><\/p>\n<div>\n<p>O n\u00famero de mortos da <a href=\"https:\/\/www.canalrural.com.br\/opiniao-noticias\/um-ano-apos-a-tragedia-no-rs-produtores-rurais-estao-esquecidos\/\">trag\u00e9dia das enchentes no Rio Grande do Sul<\/a>, ocorridas em maio do ano passado, subiu para 185. A altera\u00e7\u00e3o \u00e9 decorrente de uma atualiza\u00e7\u00e3o feita pela Defesa Civil do estado.<\/p>\n<p>De acordo com o \u00f3rg\u00e3o, foi confirmado \u00f3bito de Adriana Maria da Silva, de Cruzeiro do Sul (RS). Por isso, seu nome foi retirado da lista oficial de desaparecidos do evento, e inclu\u00eddo na lista das pessoas com a morte confirmada.<\/p>\n<p><em>Veja em primeira m\u00e3o tudo sobre agricultura, pecu\u00e1ria, economia e previs\u00e3o do tempo:<\/em><a href=\"https:\/\/news.google.com\/publications\/CAAqBwgKMPKZlQswq_mqAw?hl=pt-BR&amp;gl=BR&amp;ceid=BR%3Apt-419\" target=\"_blank\" rel=\"noreferrer noopener\"><em>\u00a0siga o Canal Rural no Google News!<\/em><\/a><\/p>\n<\/div>\n<div>\n<p>Ja Adriano Sandaowski , da cidade de Canoas, foi retirado da lista de pessoas desaparecidas pela Pol\u00edcia Civil pois, de acordo com registro realizado naquele \u00f3rg\u00e3o no final do m\u00eas de julho, familiares confirmaram que Adriano mudou-se para uma cidade em outro estado.<\/p>\n<p>Com essas altera\u00e7\u00f5es, s\u00e3o a trag\u00e9dia das enchentes contabiliza 185 \u00f3bitos e 23 pessoas desaparecidas.<\/p>\n<\/p><\/div>\n<p><br \/>\n<br \/><a href=\"https:\/\/www.canalrural.com.br\/diversos\/numero-de-mortos-da-tragedia-das-enchentes-no-rio-grande-do-sul-sobe-para-185\/\">Source link <\/a><\/p>\n","protected":false},"excerpt":{"rendered":"<p>O n\u00famero de mortos da trag\u00e9dia das enchentes no Rio Grande do Sul, ocorridas em maio do ano passado, subiu<\/p>\n","protected":false},"author":1,"featured_media":15412,"comment_status":"open","ping_status":"open","sticky":false,"template":"","format":"standard","meta":{"_monsterinsights_skip_tracking":false,"_monsterinsights_sitenote_active":false,"_monsterinsights_sitenote_note":"","_monsterinsights_sitenote_category":0,"_uf_show_specific_survey":0,"_uf_disable_surveys":false,"footnotes":""},"categories":[1],"tags":[],"class_list":["post-18809","post","type-post","status-publish","format-standard","has-post-thumbnail","hentry","category-news"],"_links":{"self":[{"href":"https:\/\/agromt.news\/index.php?rest_route=\/wp\/v2\/posts\/18809"}],"collection":[{"href":"https:\/\/agromt.news\/index.php?rest_route=\/wp\/v2\/posts"}],"about":[{"href":"https:\/\/agromt.news\/index.php?rest_route=\/wp\/v2\/types\/post"}],"author":[{"embeddable":true,"href":"https:\/\/agromt.news\/index.php?rest_route=\/wp\/v2\/users\/1"}],"replies":[{"embeddable":true,"href":"https:\/\/agromt.news\/index.php?rest_route=%2Fwp%2Fv2%2Fcomments&post=18809"}],"version-history":[{"count":0,"href":"https:\/\/agromt.news\/index.php?rest_route=\/wp\/v2\/posts\/18809\/revisions"}],"wp:featuredmedia":[{"embeddable":true,"href":"https:\/\/agromt.news\/index.php?rest_route=\/wp\/v2\/media\/15412"}],"wp:attachment":[{"href":"https:\/\/agromt.news\/index.php?rest_route=%2Fwp%2Fv2%2Fmedia&parent=18809"}],"wp:term":[{"taxonomy":"category","embeddable":true,"href":"https:\/\/agromt.news\/index.php?rest_route=%2Fwp%2Fv2%2Fcategories&post=18809"},{"taxonomy":"post_tag","embeddable":true,"href":"https:\/\/agromt.news\/index.php?rest_route=%2Fwp%2Fv2%2Ftags&post=18809"}],"curies":[{"name":"wp","href":"https:\/\/api.w.org\/{rel}","templated":true}]}}