{"id":18802,"date":"2025-08-19T08:34:48","date_gmt":"2025-08-19T12:34:48","guid":{"rendered":"https:\/\/agromt.news\/?p=18802"},"modified":"2025-08-19T08:34:48","modified_gmt":"2025-08-19T12:34:48","slug":"colheita-de-feijao-avanca-mas-sofre-perdas-no-noroeste-de-minas-gerais","status":"publish","type":"post","link":"https:\/\/agromt.news\/?p=18802","title":{"rendered":"Colheita de feij\u00e3o avan\u00e7a, mas sofre perdas no noroeste de Minas Gerais"},"content":{"rendered":"<p> <br \/>\n<\/p>\n<div>\n<div class=\"row\">\n<div class=\"col-lg col-infos mt-0 mt-lg-0\">\n<div class=\"section-sub-title\">\n<p itemprop=\"description\">&#13;<br \/>\n                                Conab v\u00ea impacto da mosca-branca na safra&#13;\n                            <\/p>\n<\/p><\/div>\n<div class=\"container\">\n<div class=\"row\">\n<div class=\"col-lg p-0\">\n<div>\n<div class=\"block-news-main-infos mt-3 text-start\">\n<p>                                            <strong class=\"fn\" itemprop=\"author\" style=\"color: rgb(112, 112, 112); \">&#13;<br \/>\n                                                <a href=\"https:\/\/www.agrolink.com.br\/noticias\/javascript:;\" class=\"text-uppercase\" target=\"_blank\" style=\"color: rgb(112, 112, 112); \" rel=\"noopener\">Agrolink<\/a>&#13;<br \/>\n&#13;<br \/>\n                                                    &#8211; Seane Lennon&#13;<br \/>\n&#13;<br \/>\n                                            <\/strong><br \/>\n                                        <\/p>\n<p>                                            <abbr><time datetime=\"2025-08-18T16:17\" itemprop=\"datePublished dateModified\">Publicado em 18\/08\/2025 \u00e0s 16:17h.<\/time><\/abbr><br \/>\n                                            <\/p><\/div>\n<\/p><\/div>\n<\/p><\/div>\n<div class=\"col-lg p-0 text-lg-end\">\n<div>\n<div id=\"mdEnviarPagina\" class=\"modal fade\" role=\"dialog\">\n<div class=\"modal-dialog\">\n<div class=\"modal-content\">\n<div class=\"modal-body\">\n<p><strong>Estimado usu\u00e1rio.<\/strong><br \/>Preencha o formul\u00e1rio abaixo para remeter a p\u00e1gina.<\/p>\n<\/p><\/div>\n<\/p><\/div>\n<\/p><\/div>\n<\/div><\/div>\n<\/p><\/div>\n<\/p><\/div>\n<\/p><\/div>\n<\/p><\/div>\n<\/p><\/div>\n<div class=\"row justify-content-md-center mt-3\">\n<div class=\"col-lg-auto col-image block-news-main-image\">\n<p>                                <img decoding=\"async\" src=\"https:\/\/www.agrolink.com.br\/upload\/imagens-resizes\/bfd2d379fce64b6ead1524c5193b2f8c_858x483.jpg\" class=\"lazyload img-fluid\"\/><br \/>\n                                                <span class=\"publicity-photo d-block mt-1\">Foto: Pixabay<\/span><\/p><\/div>\n<\/p><\/div>\n<div class=\"section-description section-description-noticias mt-3\">\n<p style=\"text-align:justify\">Segundo o 11\u00ba Levantamento de Safra da Companhia Nacional de Abastecimento (Conab), cerca de 20% da \u00e1rea cultivada de <a href=\"https:\/\/www.agrolink.com.br\/culturas\/feijao\/?utm_source=agrolink-detalhe-noticia&amp;utm_medium=detalhe-noticia&amp;utm_campaign=links-internos\" target=\"_blank\" rel=\"noopener\">feij\u00e3o<\/a> comum em Minas Gerais j\u00e1 se encontra em fase de colheita. O relat\u00f3rio aponta que a situa\u00e7\u00e3o \u00e9 mais delicada no noroeste do estado, principal regi\u00e3o produtora, onde a elevada incid\u00eancia de mosca-branca comprometeu fortemente as lavouras.&#13;\n<\/p>\n<p style=\"text-align:justify\">A Conab explicou que o veranico ocorrido em meados de fevereiro favoreceu a prolifera\u00e7\u00e3o da praga, e, com o retorno das chuvas em mar\u00e7o, houve atraso na colheita da soja. O \u00f3rg\u00e3o destacou que a presen\u00e7a de plantas vivas e de soja tiguera coincidiu com a semeadura do feij\u00e3o, o que ampliou os danos. \u201cOs produtores que semearam nesse per\u00edodo se depararam com danos severos em suas lavouras que, em alguns casos, foram irrevers\u00edveis, com perda total da produ\u00e7\u00e3o\u201d, informou a Companhia.&#13;\n<\/p>\n<p style=\"text-align:justify\">Ainda segundo a Conab, houve migra\u00e7\u00e3o de parte dos produtores para culturas como trigo e plantas de cobertura. Nas demais regi\u00f5es de Minas Gerais, as lavouras de feij\u00e3o se desenvolveram satisfatoriamente, sem registros de impactos. O levantamento, entretanto, ressalta que essas \u00e1reas representam uma parcela reduzida em compara\u00e7\u00e3o ao noroeste do estado.&#13;\n<\/p>\n<p style=\"text-align:justify\">A Companhia tamb\u00e9m registrou redu\u00e7\u00e3o na \u00e1rea total cultivada nesta safra, atribu\u00edda aos pre\u00e7os menos atrativos do ciclo. Em rela\u00e7\u00e3o \u00e0 produtividade, a Conab apontou um decr\u00e9scimo em compara\u00e7\u00e3o ao levantamento anterior.<\/p>\n<\/p><\/div>\n<\/p><\/div>\n<p><script data-cfasync=\"false\">\n    !function (f, b, e, v, n, t, s) {\n        if (f.fbq) return; n = f.fbq = function () {\n            n.callMethod ?\n                n.callMethod.apply(n, arguments) : n.queue.push(arguments)\n        };\n        if (!f._fbq) f._fbq = n; n.push = n; n.loaded = !0; n.version = '2.0';\n        n.queue = []; t = b.createElement(e); t.async = !0;\n        t.src = v; s = b.getElementsByTagName(e)[0];\n        s.parentNode.insertBefore(t, s)\n    }(window, document, 'script',\n        'https:\/\/connect.facebook.net\/en_US\/fbevents.js');\n    fbq('init', '522546078623747');\n    fbq('track', 'PageView');\n<\/script><br \/>\n<br \/><br \/>\n<br \/><a href=\"https:\/\/www.agrolink.com.br\/noticias\/colheita-de-feijao-avanca--mas-sofre-perdas-no-noroeste-de-minas-gerais_505042.html\">Source link <\/a><\/p>\n","protected":false},"excerpt":{"rendered":"<p>&#13; Conab v\u00ea impacto da mosca-branca na safra&#13; &#13; Agrolink&#13; &#13; &#8211; Seane Lennon&#13; &#13; Publicado em 18\/08\/2025 \u00e0s 16:17h.<\/p>\n","protected":false},"author":1,"featured_media":3955,"comment_status":"open","ping_status":"open","sticky":false,"template":"","format":"standard","meta":{"_monsterinsights_skip_tracking":false,"_monsterinsights_sitenote_active":false,"_monsterinsights_sitenote_note":"","_monsterinsights_sitenote_category":0,"_uf_show_specific_survey":0,"_uf_disable_surveys":false,"footnotes":""},"categories":[8,1,14],"tags":[],"class_list":["post-18802","post","type-post","status-publish","format-standard","has-post-thumbnail","hentry","category-agro","category-news","category-politica-agro"],"_links":{"self":[{"href":"https:\/\/agromt.news\/index.php?rest_route=\/wp\/v2\/posts\/18802"}],"collection":[{"href":"https:\/\/agromt.news\/index.php?rest_route=\/wp\/v2\/posts"}],"about":[{"href":"https:\/\/agromt.news\/index.php?rest_route=\/wp\/v2\/types\/post"}],"author":[{"embeddable":true,"href":"https:\/\/agromt.news\/index.php?rest_route=\/wp\/v2\/users\/1"}],"replies":[{"embeddable":true,"href":"https:\/\/agromt.news\/index.php?rest_route=%2Fwp%2Fv2%2Fcomments&post=18802"}],"version-history":[{"count":0,"href":"https:\/\/agromt.news\/index.php?rest_route=\/wp\/v2\/posts\/18802\/revisions"}],"wp:featuredmedia":[{"embeddable":true,"href":"https:\/\/agromt.news\/index.php?rest_route=\/wp\/v2\/media\/3955"}],"wp:attachment":[{"href":"https:\/\/agromt.news\/index.php?rest_route=%2Fwp%2Fv2%2Fmedia&parent=18802"}],"wp:term":[{"taxonomy":"category","embeddable":true,"href":"https:\/\/agromt.news\/index.php?rest_route=%2Fwp%2Fv2%2Fcategories&post=18802"},{"taxonomy":"post_tag","embeddable":true,"href":"https:\/\/agromt.news\/index.php?rest_route=%2Fwp%2Fv2%2Ftags&post=18802"}],"curies":[{"name":"wp","href":"https:\/\/api.w.org\/{rel}","templated":true}]}}