{"id":18801,"date":"2025-08-19T06:35:56","date_gmt":"2025-08-19T10:35:56","guid":{"rendered":"https:\/\/agromt.news\/?p=18801"},"modified":"2025-08-19T06:35:56","modified_gmt":"2025-08-19T10:35:56","slug":"brasil-amplia-importacoes-de-trigo-em-20","status":"publish","type":"post","link":"https:\/\/agromt.news\/?p=18801","title":{"rendered":"Brasil amplia importa\u00e7\u00f5es de trigo em 20%"},"content":{"rendered":"<p> <br \/>\n<\/p>\n<div>\n<p style=\"text-align:justify\">A Central Internacional de An\u00e1lises Econ\u00f4micas e de Estudos de Mercado Agropecu\u00e1rio (Ceema) informou, em an\u00e1lise referente \u00e0 semana de 8 a 14 de agosto, publicada na \u00faltima quinta-feira (14), que o pre\u00e7o do trigo voltou a recuar no Paran\u00e1. O produto de qualidade superior foi negociado entre R$ 76,00 e R$ 77,00 por saco nas principais pra\u00e7as do estado. No Rio Grande do Sul, o valor permaneceu em R$ 70,00 por saco, enquanto a m\u00e9dia local ficou em R$ 69,93 por saco.&#13;\n<\/p>\n<p style=\"text-align:justify\">A Ceema destacou que \u201cas importa\u00e7\u00f5es nacionais de trigo continuam subindo\u201d. Nos 12 meses encerrados em julho, o volume importado cresceu 20% em compara\u00e7\u00e3o ao mesmo per\u00edodo anterior. Apenas em julho, o Brasil importou 616.910 toneladas, alta de 26,7% frente a junho, mas queda de 4,3% em rela\u00e7\u00e3o a julho do ano passado, segundo dados da Secretaria de Com\u00e9rcio Exterior (Secex). De agosto de 2024 a julho de 2025, o total importado alcan\u00e7ou 6,83 milh\u00f5es de toneladas.<\/p>\n<p style=\"text-align:justify\">O levantamento indica que, na primeira quinzena de agosto, o mercado brasileiro permaneceu travado, sob forte influ\u00eancia dos pre\u00e7os internacionais. No Rio Grande do Sul, o trigo argentino para entrega em dezembro recuou R$ 3,14 por saco. No mercado interno, compradores ofereceram R$ 1.350,00 por tonelada, posto moinho nas regi\u00f5es de Porto Alegre, Canoas e Serra, e R$ 1.320,00 no centro do estado. Houve neg\u00f3cios pontuais a R$ 1.280,00 por tonelada (R$ 76,80 por saco) para embarque em agosto. Para o trigo destinado \u00e0 ra\u00e7\u00e3o, o des\u00e1gio continuou em 20%.&#13;\n<\/p>\n<p style=\"text-align:justify\">Em Santa Catarina, a Ceema apontou que o mercado tamb\u00e9m segue travado. O excesso de trigo ga\u00facho no estado mant\u00e9m os pre\u00e7os entre R$ 1.330,00 e R$ 1.360,00 por tonelada, em valores FOB, acrescidos de frete e ICMS. A Companhia Nacional de Abastecimento (Conab) prev\u00ea queda de 6,3% na produ\u00e7\u00e3o catarinense, mesmo com aumento da \u00e1rea semeada.<\/p>\n<p style=\"text-align:justify\">No Paran\u00e1, o trigo importado manteve competitividade, favorecido pela valoriza\u00e7\u00e3o do real e pelo menor pre\u00e7o do produto de pa\u00edses vizinhos. No mercado \u00e0 vista, a cota\u00e7\u00e3o recuou para R$ 1.400,00 por tonelada CIF, enquanto o futuro foi negociado a R$ 1.300,00 por tonelada CIF moinho. Tamb\u00e9m foram registrados neg\u00f3cios com trigo paraguaio a R$ 1.440,00 por tonelada CIF. Segundo a TF Agron\u00f4mica, \u201co lucro do triticultor paranaense subiu para 4,32%, mas ainda muito abaixo das oportunidades do mercado futuro, que chegaram a 32,1% ao longo do ano\u201d.&#13;\n<\/p>\n<\/p><\/div>\n<p><script data-cfasync=\"false\">\n    !function (f, b, e, v, n, t, s) {\n        if (f.fbq) return; n = f.fbq = function () {\n            n.callMethod ?\n                n.callMethod.apply(n, arguments) : n.queue.push(arguments)\n        };\n        if (!f._fbq) f._fbq = n; n.push = n; n.loaded = !0; n.version = '2.0';\n        n.queue = []; t = b.createElement(e); t.async = !0;\n        t.src = v; s = b.getElementsByTagName(e)[0];\n        s.parentNode.insertBefore(t, s)\n    }(window, document, 'script',\n        'https:\/\/connect.facebook.net\/en_US\/fbevents.js');\n    fbq('init', '522546078623747');\n    fbq('track', 'PageView');\n<\/script><br \/>\n<br \/><br \/>\n<br \/><a href=\"https:\/\/www.agrolink.com.br\/noticias\/brasil-amplia-importacoes-de-trigo-em-20-_505043.html\">Source link <\/a><\/p>\n","protected":false},"excerpt":{"rendered":"<p>A Central Internacional de An\u00e1lises Econ\u00f4micas e de Estudos de Mercado Agropecu\u00e1rio (Ceema) informou, em an\u00e1lise referente \u00e0 semana de<\/p>\n","protected":false},"author":1,"featured_media":14573,"comment_status":"open","ping_status":"open","sticky":false,"template":"","format":"standard","meta":{"_monsterinsights_skip_tracking":false,"_monsterinsights_sitenote_active":false,"_monsterinsights_sitenote_note":"","_monsterinsights_sitenote_category":0,"_uf_show_specific_survey":0,"_uf_disable_surveys":false,"footnotes":""},"categories":[8,1,14],"tags":[],"class_list":["post-18801","post","type-post","status-publish","format-standard","has-post-thumbnail","hentry","category-agro","category-news","category-politica-agro"],"_links":{"self":[{"href":"https:\/\/agromt.news\/index.php?rest_route=\/wp\/v2\/posts\/18801"}],"collection":[{"href":"https:\/\/agromt.news\/index.php?rest_route=\/wp\/v2\/posts"}],"about":[{"href":"https:\/\/agromt.news\/index.php?rest_route=\/wp\/v2\/types\/post"}],"author":[{"embeddable":true,"href":"https:\/\/agromt.news\/index.php?rest_route=\/wp\/v2\/users\/1"}],"replies":[{"embeddable":true,"href":"https:\/\/agromt.news\/index.php?rest_route=%2Fwp%2Fv2%2Fcomments&post=18801"}],"version-history":[{"count":0,"href":"https:\/\/agromt.news\/index.php?rest_route=\/wp\/v2\/posts\/18801\/revisions"}],"wp:featuredmedia":[{"embeddable":true,"href":"https:\/\/agromt.news\/index.php?rest_route=\/wp\/v2\/media\/14573"}],"wp:attachment":[{"href":"https:\/\/agromt.news\/index.php?rest_route=%2Fwp%2Fv2%2Fmedia&parent=18801"}],"wp:term":[{"taxonomy":"category","embeddable":true,"href":"https:\/\/agromt.news\/index.php?rest_route=%2Fwp%2Fv2%2Fcategories&post=18801"},{"taxonomy":"post_tag","embeddable":true,"href":"https:\/\/agromt.news\/index.php?rest_route=%2Fwp%2Fv2%2Ftags&post=18801"}],"curies":[{"name":"wp","href":"https:\/\/api.w.org\/{rel}","templated":true}]}}