{"id":18796,"date":"2025-08-19T04:53:03","date_gmt":"2025-08-19T08:53:03","guid":{"rendered":"https:\/\/agromt.news\/?p=18796"},"modified":"2025-08-19T04:53:03","modified_gmt":"2025-08-19T08:53:03","slug":"ciclone-deve-trazer-ventania-granizo-e-fortes-pancadas-de-chuva-para-hoje","status":"publish","type":"post","link":"https:\/\/agromt.news\/?p=18796","title":{"rendered":"Ciclone deve trazer ventania, granizo e fortes pancadas de chuva para hoje"},"content":{"rendered":"<p> <br \/>\n<br \/><img decoding=\"async\" src=\"https:\/\/agromt.news\/wp-content\/uploads\/2025\/08\/Ciclone-deve-trazer-ventania-granizo-e-fortes-pancadas-de-chuva.png\" \/><\/p>\n<div>\n<p>Clima intenso sobre o Sul do pa\u00eds, com forma\u00e7\u00e3o de ciclone extratropical e pancadas de chuva. Outro destaque vai para o Centro-Oeste, onde a ventania tamb\u00e9m ser\u00e1 forte. Acompanhe a previs\u00e3o desta ter\u00e7a-feira (19) para todo o pa\u00eds: <\/p>\n<div data-icp-cta=\"1\" id=\"icp-cta-unique\">Voc\u00ea quer entender como usar o clima a seu favor?<b> <\/b><a href=\"https:\/\/climacampo.canalrural.com.br\/climacampo_-01\">Preparamos um e-book exclusivo<\/a> para ajudar produtores rurais a se antecipar \u00e0s mudan\u00e7as do tempo e planejar melhor suas a\u00e7\u00f5es. Com base em previs\u00f5es meteorol\u00f3gicas confi\u00e1veis, ele oferece orienta\u00e7\u00f5es pr\u00e1ticas para proteger sua lavoura e otimizar seus resultados.<\/div>\n<h2 class=\"wp-block-heading\" id=\"h-sul\">Sul<\/h2>\n<p>A forma\u00e7\u00e3o de um novo ciclone extratropical entre o nordeste da Argentina e o Uruguai \u2013 e posteriormente a forma\u00e7\u00e3o de uma nova frente fria associada a ele \u2013 deve refor\u00e7ar e espalhar as instabilidades sobre o <strong><a href=\"https:\/\/www.canalrural.com.br\/nacional\/rio-grande-do-sul\/\">Rio Grande do Sul<\/a><\/strong> nesta ter\u00e7a-feira. <\/p>\n<p>De acordo com a Climatempo, ainda pela manh\u00e3, a metade sul ga\u00facha j\u00e1 deve contar com a ocorr\u00eancia de pancadas de chuva com moderada a pontual forte intensidade, seguida por raios e fortes rajadas de vento. No decorrer do dia, a chuva se espalha pelas demais regi\u00f5es do estado, com risco para temporais acompanhados por fortes ventos e queda de granizo. <\/p>\n<p>\u00c0 noite, a chuva deve avan\u00e7ar sobre \u00e1reas do extremo oeste catarinense e no sudoeste e sul paranaense. Diante do avan\u00e7o da frente fria, n\u00e3o est\u00e1 descartada a forma\u00e7\u00e3o de linhas de instabilidades no decorrer das horas subsequentes.<\/p>\n<h2 class=\"wp-block-heading\" id=\"h-sudeste\">Sudeste<\/h2>\n<p>A circula\u00e7\u00e3o de ventos \u00famidos vindos do oceano ainda pode promover a forma\u00e7\u00e3o de nuvens de chuva sobre o litoral sul de S\u00e3o Paulo e do Esp\u00edrito Santo. J\u00e1 nas demais regi\u00f5es, o predom\u00ednio segue sendo de tempo mais aberto, com calor voltando a ganhar for\u00e7a ao longo do dia, na medida em que o ar frio come\u00e7a a perder influ\u00eancia. Interior paulista e mineiro seguem com alerta para baixa umidade do ar \u00e0 tarde.<\/p>\n<\/div>\n<div>\n<h2 class=\"wp-block-heading\" id=\"h-centro-oeste\">Centro-Oeste<\/h2>\n<p>O processo de intensifica\u00e7\u00e3o e forma\u00e7\u00e3o do ciclone no sul deve favorecer a forma\u00e7\u00e3o de instabilidades sobre o oeste e sul de Mato Grosso do Sul, e as pancadas de chuva avan\u00e7am sobre a regi\u00e3o no final da tarde, variando entre moderada e forte intensidade \u2013 seguidas por raios, rajadas de vento e eventual queda de granizo isolado. Segundo a Climatempo, n\u00e3o est\u00e3o descartados poss\u00edveis temporais. <\/p>\n<p>O territ\u00f3rio sul-mato-grossense tamb\u00e9m deve receber rajadas de vento, que ocorrem ao longo do dia, com ventos que podem chegar a 90 km\/h em toda a metade oeste e sul do estado. J\u00e1 entre Mato Grosso, Goi\u00e1s e o Distrito Federal, segue o predom\u00ednio de tempo aberto, com destaque para o calor e a baixa umidade do ar \u00e0 tarde \u2013 que segue em n\u00edveis cr\u00edticos.<\/p>\n<h2 class=\"wp-block-heading\" id=\"h-nordeste\">Nordeste<\/h2>\n<p>A circula\u00e7\u00e3o de ventos vindos do oceano ainda promove a forma\u00e7\u00e3o de instabilidades sobre Sergipe e Alagoas, e a chuva segue mais irregular no litoral e parte do leste da Bahia. Em territ\u00f3rio sergipano e alagoano, h\u00e1 risco para pancadas de chuva com moderada a pontual forte intensidade. Entre Recife (PE) e Natal (RN), as pancadas de chuva acontecem de maneira espor\u00e1dica no decorrer do dia, variando entre fraca e moderada intensidade. O sert\u00e3o nordestino segue com predom\u00ednio de tempo aberto, calor e umidade baixa presentes.<\/p>\n<h2 class=\"wp-block-heading\" id=\"h-norte\">Norte<\/h2>\n<p>A circula\u00e7\u00e3o de ventos em n\u00edveis mais elevados na atmosfera deve contribuir para que as instabilidades permane\u00e7am restritas apenas em algumas \u00e1reas do Amazonas e do sul de Roraima, com pancadas de chuva irregulares e com moderada intensidade ao longo do dia. Acre e Rond\u00f4nia seguem com predom\u00ednio de tempo firme e bastante calor durante o dia. J\u00e1 o Tocantins se mant\u00e9m sob atua\u00e7\u00e3o da massa de ar seco, com alerta de baixa umidade do ar \u00e0 tarde.<\/p>\n<\/p><\/div>\n<p><br \/>\n<br \/><a href=\"https:\/\/www.canalrural.com.br\/tempo\/ciclone-deve-trazer-ventania-granizo-e-fortes-pancadas-de-chuva-para-hoje\/\">Source link <\/a><\/p>\n","protected":false},"excerpt":{"rendered":"<p>Clima intenso sobre o Sul do pa\u00eds, com forma\u00e7\u00e3o de ciclone extratropical e pancadas de chuva. Outro destaque vai para<\/p>\n","protected":false},"author":1,"featured_media":18797,"comment_status":"open","ping_status":"open","sticky":false,"template":"","format":"standard","meta":{"_monsterinsights_skip_tracking":false,"_monsterinsights_sitenote_active":false,"_monsterinsights_sitenote_note":"","_monsterinsights_sitenote_category":0,"_uf_show_specific_survey":0,"_uf_disable_surveys":false,"footnotes":""},"categories":[1],"tags":[],"class_list":["post-18796","post","type-post","status-publish","format-standard","has-post-thumbnail","hentry","category-news"],"_links":{"self":[{"href":"https:\/\/agromt.news\/index.php?rest_route=\/wp\/v2\/posts\/18796"}],"collection":[{"href":"https:\/\/agromt.news\/index.php?rest_route=\/wp\/v2\/posts"}],"about":[{"href":"https:\/\/agromt.news\/index.php?rest_route=\/wp\/v2\/types\/post"}],"author":[{"embeddable":true,"href":"https:\/\/agromt.news\/index.php?rest_route=\/wp\/v2\/users\/1"}],"replies":[{"embeddable":true,"href":"https:\/\/agromt.news\/index.php?rest_route=%2Fwp%2Fv2%2Fcomments&post=18796"}],"version-history":[{"count":0,"href":"https:\/\/agromt.news\/index.php?rest_route=\/wp\/v2\/posts\/18796\/revisions"}],"wp:featuredmedia":[{"embeddable":true,"href":"https:\/\/agromt.news\/index.php?rest_route=\/wp\/v2\/media\/18797"}],"wp:attachment":[{"href":"https:\/\/agromt.news\/index.php?rest_route=%2Fwp%2Fv2%2Fmedia&parent=18796"}],"wp:term":[{"taxonomy":"category","embeddable":true,"href":"https:\/\/agromt.news\/index.php?rest_route=%2Fwp%2Fv2%2Fcategories&post=18796"},{"taxonomy":"post_tag","embeddable":true,"href":"https:\/\/agromt.news\/index.php?rest_route=%2Fwp%2Fv2%2Ftags&post=18796"}],"curies":[{"name":"wp","href":"https:\/\/api.w.org\/{rel}","templated":true}]}}