{"id":18790,"date":"2025-08-19T02:42:13","date_gmt":"2025-08-19T06:42:13","guid":{"rendered":"https:\/\/agromt.news\/?p=18790"},"modified":"2025-08-19T02:42:13","modified_gmt":"2025-08-19T06:42:13","slug":"trator-da-serie-s6-da-valtra-e-destaque-na-expointer","status":"publish","type":"post","link":"https:\/\/agromt.news\/?p=18790","title":{"rendered":"Trator da S\u00e9rie S6 da Valtra \u00e9 destaque na Expointer"},"content":{"rendered":"<p> <br \/>\n<\/p>\n<div>\n<p style=\"text-align:justify\">A Valtra, refer\u00eancia em tecnologia agr\u00edcola no Brasil e no mundo, marcar\u00e1 presen\u00e7a na 48\u00ba edi\u00e7\u00e3o da Expointer, maior feira da agropecu\u00e1ria da Am\u00e9rica Latina, com uma sele\u00e7\u00e3o de suas principais solu\u00e7\u00f5es em mecaniza\u00e7\u00e3o agr\u00edcola. A Valtra, que completa 65 anos no Brasil, apresenta como destaque a rec\u00e9m-lan\u00e7ada S\u00e9rie S6, linha de tratores de maior pot\u00eancia j\u00e1 produzida pela marca, que chega pela primeira vez ao p\u00fablico ga\u00facho. O evento acontece de 30 de agosto a 7 de setembro, no Parque Estadual de Exposi\u00e7\u00f5es Assis Brasil (PEEAB), em Esteio, no Rio Grande do Sul.&#13;\n<\/p>\n<p style=\"text-align:justify\">Projetada e fabricada na Finl\u00e2ndia, a linha \u00e9 ideal para opera\u00e7\u00f5es de alta demanda, como as da produ\u00e7\u00e3o de gr\u00e3os e do setor sucroenerg\u00e9tico. Com pot\u00eancia elevada, tecnologia inteligente embarcada e foco no conforto do operador, o modelo \u00e9 ideal para produtores que buscam m\u00e1xima performance, inclusive em terrenos desafiadores.<\/p>\n<p style=\"text-align:justify\">\u201cA S\u00e9rie S6 \u00e9 ideal para atender as necessidades dos produtores do Sul, que trabalham principalmente com soja, milho e arroz, que s\u00e3o culturas fortes na regi\u00e3o e que demandam m\u00e1quinas potentes, eficientes e com alta capacidade de opera\u00e7\u00e3o. Apresentar esse trator na Expointer refor\u00e7a nosso compromisso em entregar solu\u00e7\u00f5es que realmente fa\u00e7am a diferen\u00e7a no dia a dia do campo\u201d, afirma Claudio Esteves, diretor de vendas da Valtra.<\/p>\n<p style=\"text-align:justify\">Durante o evento, os visitantes tamb\u00e9m poder\u00e3o conhecer de perto outros modelos reconhecidos da marca, como os tratores da S\u00e9rie Q5, m\u00e1quinas de alta performance e precis\u00e3o; o modelo T CVT, equipado com motor AGCO Power e transmiss\u00e3o continuamente vari\u00e1vel, que garante melhor controle de pot\u00eancia e velocidade; os tratores da S\u00e9rie A4, ideais para tarefas que buscam for\u00e7a, agilidade, precis\u00e3o e economia; a plantadora Momentum de 18 linhas, que gera economia de insumos e maior produtividade no cultivo de soja e milho; e o pulverizador BS2225H, com autonomia e desempenho para garantir a m\u00e1xima efici\u00eancia nas pulveriza\u00e7\u00f5es.<\/p>\n<p style=\"text-align:justify\">Com mais de quatro d\u00e9cadas de hist\u00f3ria, a Expointer re\u00fane lan\u00e7amentos, tend\u00eancias e inova\u00e7\u00f5es que movimentam o agroneg\u00f3cio na regi\u00e3o Sul do Pa\u00eds. A presen\u00e7a da Valtra na feira refor\u00e7a o compromisso da marca em estar pr\u00f3xima dos produtores, promovendo tecnologias que aumentam a produtividade no campo.&#13;\n<\/p>\n<p style=\"text-align:justify\"><strong>Linha completa em solu\u00e7\u00f5es agr\u00edcolas<\/strong><\/p>\n<p style=\"text-align:justify\">Al\u00e9m da rec\u00e9m-lan\u00e7ada e premiada S\u00e9rie S6, os visitantes tamb\u00e9m poder\u00e3o conhecer de perto outros modelos reconhecidos da marca durante o evento, como os Tratores da S\u00e9rie Q5, que se sobressaem pelo reconhecimento internacional e pela combina\u00e7\u00e3o de for\u00e7a e intelig\u00eancia no campo. Com modelos que variam de 265 cv a 305 cv, os tratores da linha s\u00e3o equipados com motor AGCO Power de 7,4 litros e transmiss\u00e3o CVT da Valtra, garantindo alta performance, manobrabilidade e um n\u00edvel superior de visibilidade. A tecnologia SmartTurn permite a realiza\u00e7\u00e3o autom\u00e1tica das manobras de cabeceira, sem interven\u00e7\u00e3o do operador, trazendo mais precis\u00e3o e efici\u00eancia \u00e0s opera\u00e7\u00f5es.<\/p>\n<p style=\"text-align:justify\">Outro destaque tamb\u00e9m ser\u00e1 o Trator T CVT, voltado para os produtores que demandam alta pot\u00eancia e precis\u00e3o, j\u00e1 que possui transmiss\u00e3o cont\u00ednua vari\u00e1vel e faixas de pot\u00eancia de 195 cv a 250 cv. Em conjunto com a Plantadeira Valtra Momentum, o modelo entrega alto rendimento, robustez e economia.<\/p>\n<p style=\"text-align:justify\">A Plantadeira Valtra Momentum de 18 linhas destaca-se por seu conceito inovador de plantadeira dobr\u00e1vel, que garante muito mais flexibilidade para o agricultor. Proporcionando alta precis\u00e3o na deposi\u00e7\u00e3o de sementes, ela conta com tecnologia Weight Transfer, que redistribui a carga central do chassi para as pontas, e o sistema exclusivo SmartFrame, que nivela automaticamente as tr\u00eas se\u00e7\u00f5es de plantio, garantindo que todas as linhas permane\u00e7am em contato com o solo, mesmo em terrenos irregulares.<\/p>\n<p style=\"text-align:justify\">A S\u00e9rie A4 HiTech, que tamb\u00e9m estar\u00e1 em exibi\u00e7\u00e3o, \u00e9 projetada para maximizar a economia de combust\u00edvel e a efici\u00eancia operacional. Com motor AGCO Power e transmiss\u00e3o HiTech4 PowerShift, a linha entrega at\u00e9 12% de economia por hectare trabalhado, devido aos modos de opera\u00e7\u00e3o inteligentes que permitem ajustes autom\u00e1ticos para diferentes tipos de trabalho, proporcionando a melhor produtividade do seu segmento.&#13;\n<\/p>\n<p style=\"text-align:justify\">Por fim, a Valtra tamb\u00e9m destaca o Pulverizador BS2225H, que entrega maior autonomia e produtividade, gra\u00e7as ao motor AGCO Power. Equipado com transmiss\u00e3o 4&#215;4 cruzada permanente e sistema de pulveriza\u00e7\u00e3o controlado por v\u00e1lvula PWM, o modelo garante efici\u00eancia mesmo em terrenos inclinados.<br \/>&#13;<br \/>\n\u00a0<\/p>\n<\/p><\/div>\n<p><script data-cfasync=\"false\">\n    !function (f, b, e, v, n, t, s) {\n        if (f.fbq) return; n = f.fbq = function () {\n            n.callMethod ?\n                n.callMethod.apply(n, arguments) : n.queue.push(arguments)\n        };\n        if (!f._fbq) f._fbq = n; n.push = n; n.loaded = !0; n.version = '2.0';\n        n.queue = []; t = b.createElement(e); t.async = !0;\n        t.src = v; s = b.getElementsByTagName(e)[0];\n        s.parentNode.insertBefore(t, s)\n    }(window, document, 'script',\n        'https:\/\/connect.facebook.net\/en_US\/fbevents.js');\n    fbq('init', '522546078623747');\n    fbq('track', 'PageView');\n<\/script><br \/>\n<br \/><br \/>\n<br \/><a href=\"https:\/\/www.agrolink.com.br\/noticias\/trator-da-serie-s6-da-valtra-e-destaque-na-expointer_505045.html\">Source link <\/a><\/p>\n","protected":false},"excerpt":{"rendered":"<p>A Valtra, refer\u00eancia em tecnologia agr\u00edcola no Brasil e no mundo, marcar\u00e1 presen\u00e7a na 48\u00ba edi\u00e7\u00e3o da Expointer, maior feira<\/p>\n","protected":false},"author":1,"featured_media":18791,"comment_status":"open","ping_status":"open","sticky":false,"template":"","format":"standard","meta":{"_monsterinsights_skip_tracking":false,"_monsterinsights_sitenote_active":false,"_monsterinsights_sitenote_note":"","_monsterinsights_sitenote_category":0,"_uf_show_specific_survey":0,"_uf_disable_surveys":false,"footnotes":""},"categories":[8,1,14],"tags":[],"class_list":["post-18790","post","type-post","status-publish","format-standard","has-post-thumbnail","hentry","category-agro","category-news","category-politica-agro"],"_links":{"self":[{"href":"https:\/\/agromt.news\/index.php?rest_route=\/wp\/v2\/posts\/18790"}],"collection":[{"href":"https:\/\/agromt.news\/index.php?rest_route=\/wp\/v2\/posts"}],"about":[{"href":"https:\/\/agromt.news\/index.php?rest_route=\/wp\/v2\/types\/post"}],"author":[{"embeddable":true,"href":"https:\/\/agromt.news\/index.php?rest_route=\/wp\/v2\/users\/1"}],"replies":[{"embeddable":true,"href":"https:\/\/agromt.news\/index.php?rest_route=%2Fwp%2Fv2%2Fcomments&post=18790"}],"version-history":[{"count":0,"href":"https:\/\/agromt.news\/index.php?rest_route=\/wp\/v2\/posts\/18790\/revisions"}],"wp:featuredmedia":[{"embeddable":true,"href":"https:\/\/agromt.news\/index.php?rest_route=\/wp\/v2\/media\/18791"}],"wp:attachment":[{"href":"https:\/\/agromt.news\/index.php?rest_route=%2Fwp%2Fv2%2Fmedia&parent=18790"}],"wp:term":[{"taxonomy":"category","embeddable":true,"href":"https:\/\/agromt.news\/index.php?rest_route=%2Fwp%2Fv2%2Fcategories&post=18790"},{"taxonomy":"post_tag","embeddable":true,"href":"https:\/\/agromt.news\/index.php?rest_route=%2Fwp%2Fv2%2Ftags&post=18790"}],"curies":[{"name":"wp","href":"https:\/\/api.w.org\/{rel}","templated":true}]}}