{"id":18789,"date":"2025-08-19T00:43:09","date_gmt":"2025-08-19T04:43:09","guid":{"rendered":"https:\/\/agromt.news\/?p=18789"},"modified":"2025-08-19T00:43:09","modified_gmt":"2025-08-19T04:43:09","slug":"portaria-estabelece-diretrizes-para-a-safra-de-soja","status":"publish","type":"post","link":"https:\/\/agromt.news\/?p=18789","title":{"rendered":"Portaria estabelece diretrizes para a safra de soja"},"content":{"rendered":"<p> <br \/>\n<\/p>\n<div>\n<p style=\"text-align:justify\">De acordo com o Mapa, a doen\u00e7a, causada pelo fungo Phakopsora pachyrhizi, pode provocar perdas que variam de 10% a 90% nas regi\u00f5es em que h\u00e1 n\u00edveis epid\u00eamicos.\u00a0<\/p>\n<p style=\"text-align:justify\">\u201cO vazio sanit\u00e1rio \u00e9 um per\u00edodo m\u00ednimo de 90 dias quando s\u00e3o proibidos o plantio ou a manuten\u00e7\u00e3o de plantas vivas de <a href=\"https:\/\/www.agrolink.com.br\/culturas\/soja?utm_source=agrolink-detalhe-noticia&amp;utm_medium=detalhe-noticia&amp;utm_campaign=links-internos\" target=\"_blank\" rel=\"noopener\">soja<\/a>, sejam cultivadas ou volunt\u00e1rias, em qualquer fase de desenvolvimento, na \u00e1rea estabelecida para cultivo\u201d, explica Hudslon Huben, gerente s\u00eanior de efetividade e go to market da Or\u00edgeo, joint venture entre Bunge e UPL.&#13;\n<\/p>\n<p style=\"text-align:justify\">Segundo o Mapa, a elimina\u00e7\u00e3o de plantas volunt\u00e1rias durante o vazio sanit\u00e1rio tem como objetivo reduzir o in\u00f3culo do fungo antes do in\u00edcio da safra, diminuindo os riscos de infesta\u00e7\u00e3o e os custos de controle. O governo destacou ainda que a responsabilidade pela elimina\u00e7\u00e3o das plantas \u00e9 do agricultor, que deve adotar medidas preventivas para n\u00e3o comprometer a produtividade futura.<\/p>\n<p style=\"text-align:justify\">O calend\u00e1rio de semeadura funciona como complemento ao vazio sanit\u00e1rio, ao estabelecer datas espec\u00edficas para o plantio. De acordo com a legisla\u00e7\u00e3o, s\u00f3 \u00e9 permitido plantar fora dessas janelas em situa\u00e7\u00f5es autorizadas pela Defesa Agropecu\u00e1ria, como produ\u00e7\u00e3o de sementes, pesquisas ou eventos agr\u00edcolas.&#13;\n<\/p>\n<p style=\"text-align:justify\">Na safra 2025\/2026, os prazos variam conforme os estados e, em alguns casos, por regi\u00f5es. Em Mato Grosso, o vazio sanit\u00e1rio vai de 8 de junho a 6 de setembro e o plantio poder\u00e1 ocorrer de 7 de setembro de 2025 a 7 de janeiro de 2026. Em Rond\u00f4nia, o vazio ser\u00e1 de 10 de junho a 10 de setembro, e a semeadura estar\u00e1 autorizada de 11 de setembro de 2025 a 9 de janeiro de 2026. J\u00e1 nos estados do MATOPIBAPA, as datas tamb\u00e9m s\u00e3o diferenciadas, com in\u00edcio e t\u00e9rmino do vazio e do plantio definidos de forma regionalizada.<\/p>\n<p style=\"text-align:justify\">A empresa ressaltou que a integra\u00e7\u00e3o do calend\u00e1rio de semeadura com pr\u00e1ticas de agricultura regenerativa pode ampliar os resultados no controle da ferrugem.\u00a0\u201cAo aliar o controle de pragas e doen\u00e7as \u00e0 agricultura regenerativa, \u00e9 poss\u00edvel melhorar a sa\u00fade do solo, fortalecer a biodiversidade e aumentar a adapta\u00e7\u00e3o das lavouras contra pragas e doen\u00e7as, incluindo a ferrugem asi\u00e1tica\u201d, afirma Igor Borges, head de sustentabilidade da Or\u00edgeo.&#13;\n<\/p>\n<\/p><\/div>\n<p><script data-cfasync=\"false\">\n    !function (f, b, e, v, n, t, s) {\n        if (f.fbq) return; n = f.fbq = function () {\n            n.callMethod ?\n                n.callMethod.apply(n, arguments) : n.queue.push(arguments)\n        };\n        if (!f._fbq) f._fbq = n; n.push = n; n.loaded = !0; n.version = '2.0';\n        n.queue = []; t = b.createElement(e); t.async = !0;\n        t.src = v; s = b.getElementsByTagName(e)[0];\n        s.parentNode.insertBefore(t, s)\n    }(window, document, 'script',\n        'https:\/\/connect.facebook.net\/en_US\/fbevents.js');\n    fbq('init', '522546078623747');\n    fbq('track', 'PageView');\n<\/script><br \/>\n<br \/><br \/>\n<br \/><a href=\"https:\/\/www.agrolink.com.br\/noticias\/portaria-1-271-25-estabelece-diretrizes-da-safra-de-soja_505046.html\">Source link <\/a><\/p>\n","protected":false},"excerpt":{"rendered":"<p>De acordo com o Mapa, a doen\u00e7a, causada pelo fungo Phakopsora pachyrhizi, pode provocar perdas que variam de 10% a<\/p>\n","protected":false},"author":1,"featured_media":5590,"comment_status":"open","ping_status":"open","sticky":false,"template":"","format":"standard","meta":{"_monsterinsights_skip_tracking":false,"_monsterinsights_sitenote_active":false,"_monsterinsights_sitenote_note":"","_monsterinsights_sitenote_category":0,"_uf_show_specific_survey":0,"_uf_disable_surveys":false,"footnotes":""},"categories":[8,1,14],"tags":[],"class_list":["post-18789","post","type-post","status-publish","format-standard","has-post-thumbnail","hentry","category-agro","category-news","category-politica-agro"],"_links":{"self":[{"href":"https:\/\/agromt.news\/index.php?rest_route=\/wp\/v2\/posts\/18789"}],"collection":[{"href":"https:\/\/agromt.news\/index.php?rest_route=\/wp\/v2\/posts"}],"about":[{"href":"https:\/\/agromt.news\/index.php?rest_route=\/wp\/v2\/types\/post"}],"author":[{"embeddable":true,"href":"https:\/\/agromt.news\/index.php?rest_route=\/wp\/v2\/users\/1"}],"replies":[{"embeddable":true,"href":"https:\/\/agromt.news\/index.php?rest_route=%2Fwp%2Fv2%2Fcomments&post=18789"}],"version-history":[{"count":0,"href":"https:\/\/agromt.news\/index.php?rest_route=\/wp\/v2\/posts\/18789\/revisions"}],"wp:featuredmedia":[{"embeddable":true,"href":"https:\/\/agromt.news\/index.php?rest_route=\/wp\/v2\/media\/5590"}],"wp:attachment":[{"href":"https:\/\/agromt.news\/index.php?rest_route=%2Fwp%2Fv2%2Fmedia&parent=18789"}],"wp:term":[{"taxonomy":"category","embeddable":true,"href":"https:\/\/agromt.news\/index.php?rest_route=%2Fwp%2Fv2%2Fcategories&post=18789"},{"taxonomy":"post_tag","embeddable":true,"href":"https:\/\/agromt.news\/index.php?rest_route=%2Fwp%2Fv2%2Ftags&post=18789"}],"curies":[{"name":"wp","href":"https:\/\/api.w.org\/{rel}","templated":true}]}}