{"id":18788,"date":"2025-08-18T22:45:07","date_gmt":"2025-08-19T02:45:07","guid":{"rendered":"https:\/\/agromt.news\/?p=18788"},"modified":"2025-08-18T22:45:07","modified_gmt":"2025-08-19T02:45:07","slug":"mercado-de-boi-comeca-semana-com-vendas-mais-lentas","status":"publish","type":"post","link":"https:\/\/agromt.news\/?p=18788","title":{"rendered":"Mercado de boi come\u00e7a semana com vendas mais lentas"},"content":{"rendered":"<p> <br \/>\n<\/p>\n<div>\n<p style=\"text-align:justify\">De acordo com a an\u00e1lise desta segunda-feira (18) do informativo Tem Boi na Linha, publicado pela Scot Consultoria, o mercado de bovinos iniciou a semana com recuo no escoamento da carne e aumentos pontuais na oferta, o que resultou no alongamento das escalas de abate. Apesar desse cen\u00e1rio, \u201ca semana come\u00e7ou com poucos neg\u00f3cios e, assim, as cota\u00e7\u00f5es de todas as categorias permaneceram inalteradas\u201d, apontou a consultoria.&#13;\n<\/p>\n<p style=\"text-align:justify\">As escalas de abate foram estimadas, em m\u00e9dia, em oito dias.<\/p>\n<p style=\"text-align:justify\">Na regi\u00e3o do Tri\u00e2ngulo Mineiro, o informativo destacou que houve maior oferta de bovinos, associada ao fraco escoamento da carne, o que pressionou os pre\u00e7os para baixo. \u201cNa regi\u00e3o do Tri\u00e2ngulo, a cota\u00e7\u00e3o caiu R$2,00\/@ para todas as categorias\u201d, informou a Scot. As escalas de abate foram registradas em torno de dez dias.&#13;\n<\/p>\n<p style=\"text-align:justify\">Em Belo Horizonte, por sua vez, o mercado abriu a semana est\u00e1vel, com as escalas atendendo, em m\u00e9dia, a oito dias.<\/p>\n<p style=\"text-align:justify\">No atacado de carne com osso, a consultoria avaliou que a sazonalidade t\u00edpica do m\u00eas resultou em menor volume de vendas, ampliando o estoque. Nesse cen\u00e1rio, \u201ca maioria das carca\u00e7as casadas manteve suas cota\u00e7\u00f5es, com exce\u00e7\u00e3o da carca\u00e7a do boi cap\u00e3o, que registrou recuo\u201d. Segundo o levantamento, a carca\u00e7a casada do boi cap\u00e3o caiu 1,2%, ou R$0,25\/kg, enquanto a do boi inteiro permaneceu est\u00e1vel.&#13;\n<\/p>\n<p style=\"text-align:justify\">Entre os cortes avulsos, apenas o traseiro do boi cap\u00e3o apresentou varia\u00e7\u00e3o, com queda de 1,1% ou R$0,25\/kg. J\u00e1 a cota\u00e7\u00e3o das carca\u00e7as casadas das f\u00eameas n\u00e3o sofreu altera\u00e7\u00e3o.<\/p>\n<p style=\"text-align:justify\">No mercado de carnes alternativas, o informativo registrou que \u201co frango m\u00e9dio recuou 3,0% ou R$0,20\/kg, enquanto o su\u00edno especial avan\u00e7ou 3,1% ou R$0,40\/kg\u201d.<\/p>\n<\/p><\/div>\n<p><script data-cfasync=\"false\">\n    !function (f, b, e, v, n, t, s) {\n        if (f.fbq) return; n = f.fbq = function () {\n            n.callMethod ?\n                n.callMethod.apply(n, arguments) : n.queue.push(arguments)\n        };\n        if (!f._fbq) f._fbq = n; n.push = n; n.loaded = !0; n.version = '2.0';\n        n.queue = []; t = b.createElement(e); t.async = !0;\n        t.src = v; s = b.getElementsByTagName(e)[0];\n        s.parentNode.insertBefore(t, s)\n    }(window, document, 'script',\n        'https:\/\/connect.facebook.net\/en_US\/fbevents.js');\n    fbq('init', '522546078623747');\n    fbq('track', 'PageView');\n<\/script><br \/>\n<br \/><br \/>\n<br \/><a href=\"https:\/\/www.agrolink.com.br\/noticias\/mercado-de-boi-comeca-semana-com-vendas-mais-lentas_505047.html\">Source link <\/a><\/p>\n","protected":false},"excerpt":{"rendered":"<p>De acordo com a an\u00e1lise desta segunda-feira (18) do informativo Tem Boi na Linha, publicado pela Scot Consultoria, o mercado<\/p>\n","protected":false},"author":1,"featured_media":5056,"comment_status":"open","ping_status":"open","sticky":false,"template":"","format":"standard","meta":{"_monsterinsights_skip_tracking":false,"_monsterinsights_sitenote_active":false,"_monsterinsights_sitenote_note":"","_monsterinsights_sitenote_category":0,"_uf_show_specific_survey":0,"_uf_disable_surveys":false,"footnotes":""},"categories":[8,1,14],"tags":[],"class_list":["post-18788","post","type-post","status-publish","format-standard","has-post-thumbnail","hentry","category-agro","category-news","category-politica-agro"],"_links":{"self":[{"href":"https:\/\/agromt.news\/index.php?rest_route=\/wp\/v2\/posts\/18788"}],"collection":[{"href":"https:\/\/agromt.news\/index.php?rest_route=\/wp\/v2\/posts"}],"about":[{"href":"https:\/\/agromt.news\/index.php?rest_route=\/wp\/v2\/types\/post"}],"author":[{"embeddable":true,"href":"https:\/\/agromt.news\/index.php?rest_route=\/wp\/v2\/users\/1"}],"replies":[{"embeddable":true,"href":"https:\/\/agromt.news\/index.php?rest_route=%2Fwp%2Fv2%2Fcomments&post=18788"}],"version-history":[{"count":0,"href":"https:\/\/agromt.news\/index.php?rest_route=\/wp\/v2\/posts\/18788\/revisions"}],"wp:featuredmedia":[{"embeddable":true,"href":"https:\/\/agromt.news\/index.php?rest_route=\/wp\/v2\/media\/5056"}],"wp:attachment":[{"href":"https:\/\/agromt.news\/index.php?rest_route=%2Fwp%2Fv2%2Fmedia&parent=18788"}],"wp:term":[{"taxonomy":"category","embeddable":true,"href":"https:\/\/agromt.news\/index.php?rest_route=%2Fwp%2Fv2%2Fcategories&post=18788"},{"taxonomy":"post_tag","embeddable":true,"href":"https:\/\/agromt.news\/index.php?rest_route=%2Fwp%2Fv2%2Ftags&post=18788"}],"curies":[{"name":"wp","href":"https:\/\/api.w.org\/{rel}","templated":true}]}}