{"id":18785,"date":"2025-08-18T20:48:28","date_gmt":"2025-08-19T00:48:28","guid":{"rendered":"https:\/\/agromt.news\/?p=18785"},"modified":"2025-08-18T20:48:28","modified_gmt":"2025-08-19T00:48:28","slug":"protocolos-de-inseminacao-e-suplementacao-reforcam-rebanhos","status":"publish","type":"post","link":"https:\/\/agromt.news\/?p=18785","title":{"rendered":"Protocolos de insemina\u00e7\u00e3o e suplementa\u00e7\u00e3o refor\u00e7am rebanhos"},"content":{"rendered":"<p> <br \/>\n<\/p>\n<div>\n<p style=\"text-align:justify\">De acordo com o Informativo Conjuntural divulgado pela Emater\/RS-Ascar na \u00faltima quinta-feira (14), os rebanhos de bovinos de corte no Rio Grande do Sul apresentam condi\u00e7\u00e3o corporal e sanit\u00e1ria adequadas, com ganhos de peso em algumas regi\u00f5es. \u201cO per\u00edodo de pari\u00e7\u00f5es continuou em diversos munic\u00edpios, e o peso dos terneiros ao nascer est\u00e1 satisfat\u00f3rio\u201d, aponta o informativo.&#13;\n<\/p>\n<p style=\"text-align:justify\">A complementa\u00e7\u00e3o alimentar foi necess\u00e1ria em raz\u00e3o da limita\u00e7\u00e3o de <a href=\"https:\/\/www.agrolink.com.br\/culturas\/pastagens?utm_source=agrolink-detalhe-noticia&amp;utm_medium=detalhe-noticia&amp;utm_campaign=links-internos\" target=\"_blank\" rel=\"noopener\">pastagens<\/a> de melhor qualidade e do uso priorit\u00e1rio dessas \u00e1reas para categorias espec\u00edficas, como touros. O mercado do gado gordo manteve-se est\u00e1vel na maioria dos munic\u00edpios, com pequenas quedas em algumas localidades.<\/p>\n<p style=\"text-align:justify\">Na regi\u00e3o administrativa de Bag\u00e9, os animais ganharam peso e a condi\u00e7\u00e3o sanit\u00e1ria foi considerada adequada. Em Alegrete, o per\u00edodo de pari\u00e7\u00f5es se iniciou, e o mercado do gado gordo permaneceu est\u00e1vel em grande parte dos munic\u00edpios. Em Ca\u00e7apava do Sul, algumas categorias registraram redu\u00e7\u00e3o de aproximadamente R$ 2,00\/kg, entre 8% e 10%. Em Lavras do Sul, ocorreu remate no dia 9 de agosto, com comercializa\u00e7\u00e3o de 252 terneiras a R$ 11,57\/kg e de 231 terneiros a R$ 12,00\/kg. J\u00e1 em Ros\u00e1rio do Sul, a procura por terneiros aumentou.<\/p>\n<p style=\"text-align:justify\">Em Caxias do Sul, devido \u00e0 limita\u00e7\u00e3o de pastagens cultivadas, os animais foram mantidos principalmente em campos nativos, de menor valor nutricional. \u201cApesar da suplementa\u00e7\u00e3o com sal proteinado, houve uma queda acentuada na condi\u00e7\u00e3o corporal do rebanho\u201d, informa a Emater\/RS-Ascar. A excessiva umidade do solo prejudicou o conforto dos animais, e as pastagens de melhor qualidade foram direcionadas aos touros para garantir condi\u00e7\u00e3o corporal adequada na esta\u00e7\u00e3o de monta.&#13;\n<\/p>\n<p style=\"text-align:justify\">Na regi\u00e3o de Erechim, a maioria das vacas e novilhas est\u00e1 coberta, e f\u00eameas com problemas reprodutivos t\u00eam sido comercializadas para engorda, assim como bois e vacas de descarte. O estado nutricional dos rebanhos est\u00e1 satisfat\u00f3rio. Em Frederico Westphalen, mesmo com disponibilidade de pasto, foi necess\u00e1rio complementar a alimenta\u00e7\u00e3o para manuten\u00e7\u00e3o do escore corporal. Em Passo Fundo, aspectos nutricionais e sanit\u00e1rios permaneceram adequados, com predomin\u00e2ncia de gesta\u00e7\u00e3o e engorda de lotes.<\/p>\n<p style=\"text-align:justify\">Em Pelotas, produtores refor\u00e7aram a vacina\u00e7\u00e3o preventiva contra clostridioses. A oferta de animais prontos para abate permaneceu restrita. Em Pinheiro Machado, no Parque Charrua, foram comercializados 94 animais, com pre\u00e7os m\u00e9dios de R$ 1.587,50\/cabe\u00e7a para 36 terneiros, R$ 1.324,00 para 10 terneiras, R$ 1.930,00 para duas vaquilhonas, R$ 2.400,00 para cinco novilhos, R$ 2.469,50 para 40 vacas solteiras e R$ 4.020,00 para uma vaca com cria ao p\u00e9.<\/p>\n<p style=\"text-align:justify\">Em Porto Alegre, alguns produtores iniciaram protocolos de insemina\u00e7\u00e3o artificial em tempo fixo (IATF). Animais mantidos em pastagens diferidas, com suplementa\u00e7\u00e3o alimentar, apresentaram condi\u00e7\u00e3o corporal adequada. Em Santa Maria, devido \u00e0s condi\u00e7\u00f5es clim\u00e1ticas adversas que afetaram pastagens, foi necess\u00e1ria complementa\u00e7\u00e3o alimentar, sem impacto ao bem-estar animal, com aten\u00e7\u00e3o redobrada a vacas em pari\u00e7\u00e3o e terneiros rec\u00e9m-nascidos.&#13;\n<\/p>\n<p style=\"text-align:justify\">Em Santa Rosa, produtores da bovinocultura de leite t\u00eam aproveitado cercas, bebedouros, piquetes e pastagens para cria\u00e7\u00e3o de gado de corte. A utiliza\u00e7\u00e3o de pastagens de inverno cultivadas e sistemas de integra\u00e7\u00e3o lavoura-pecu\u00e1ria (ILP) contribuiu para redu\u00e7\u00e3o de custos e maior taxa de lota\u00e7\u00e3o. Em Soledade, o per\u00edodo de pari\u00e7\u00e3o come\u00e7ou e os terneiros apresentaram bom peso ao nascer, com sele\u00e7\u00e3o de f\u00eameas para reposi\u00e7\u00e3o. As condi\u00e7\u00f5es sanit\u00e1rias dos rebanhos permaneceram satisfat\u00f3rias.<\/p>\n<\/p><\/div>\n<p><script data-cfasync=\"false\">\n    !function (f, b, e, v, n, t, s) {\n        if (f.fbq) return; n = f.fbq = function () {\n            n.callMethod ?\n                n.callMethod.apply(n, arguments) : n.queue.push(arguments)\n        };\n        if (!f._fbq) f._fbq = n; n.push = n; n.loaded = !0; n.version = '2.0';\n        n.queue = []; t = b.createElement(e); t.async = !0;\n        t.src = v; s = b.getElementsByTagName(e)[0];\n        s.parentNode.insertBefore(t, s)\n    }(window, document, 'script',\n        'https:\/\/connect.facebook.net\/en_US\/fbevents.js');\n    fbq('init', '522546078623747');\n    fbq('track', 'PageView');\n<\/script><br \/>\n<br \/><br \/>\n<br \/><a href=\"https:\/\/www.agrolink.com.br\/noticias\/protocolos-de-inseminacao-e-suplementacao-reforcam-rebanhos_505048.html\">Source link <\/a><\/p>\n","protected":false},"excerpt":{"rendered":"<p>De acordo com o Informativo Conjuntural divulgado pela Emater\/RS-Ascar na \u00faltima quinta-feira (14), os rebanhos de bovinos de corte no<\/p>\n","protected":false},"author":1,"featured_media":2291,"comment_status":"open","ping_status":"open","sticky":false,"template":"","format":"standard","meta":{"_monsterinsights_skip_tracking":false,"_monsterinsights_sitenote_active":false,"_monsterinsights_sitenote_note":"","_monsterinsights_sitenote_category":0,"_uf_show_specific_survey":0,"_uf_disable_surveys":false,"footnotes":""},"categories":[8,1,14],"tags":[],"class_list":["post-18785","post","type-post","status-publish","format-standard","has-post-thumbnail","hentry","category-agro","category-news","category-politica-agro"],"_links":{"self":[{"href":"https:\/\/agromt.news\/index.php?rest_route=\/wp\/v2\/posts\/18785"}],"collection":[{"href":"https:\/\/agromt.news\/index.php?rest_route=\/wp\/v2\/posts"}],"about":[{"href":"https:\/\/agromt.news\/index.php?rest_route=\/wp\/v2\/types\/post"}],"author":[{"embeddable":true,"href":"https:\/\/agromt.news\/index.php?rest_route=\/wp\/v2\/users\/1"}],"replies":[{"embeddable":true,"href":"https:\/\/agromt.news\/index.php?rest_route=%2Fwp%2Fv2%2Fcomments&post=18785"}],"version-history":[{"count":0,"href":"https:\/\/agromt.news\/index.php?rest_route=\/wp\/v2\/posts\/18785\/revisions"}],"wp:featuredmedia":[{"embeddable":true,"href":"https:\/\/agromt.news\/index.php?rest_route=\/wp\/v2\/media\/2291"}],"wp:attachment":[{"href":"https:\/\/agromt.news\/index.php?rest_route=%2Fwp%2Fv2%2Fmedia&parent=18785"}],"wp:term":[{"taxonomy":"category","embeddable":true,"href":"https:\/\/agromt.news\/index.php?rest_route=%2Fwp%2Fv2%2Fcategories&post=18785"},{"taxonomy":"post_tag","embeddable":true,"href":"https:\/\/agromt.news\/index.php?rest_route=%2Fwp%2Fv2%2Ftags&post=18785"}],"curies":[{"name":"wp","href":"https:\/\/api.w.org\/{rel}","templated":true}]}}