{"id":18783,"date":"2025-08-18T20:31:21","date_gmt":"2025-08-19T00:31:21","guid":{"rendered":"https:\/\/agromt.news\/?p=18783"},"modified":"2025-08-18T20:31:21","modified_gmt":"2025-08-19T00:31:21","slug":"veja-como-o-mercado-pecuario-abriu-a-semana","status":"publish","type":"post","link":"https:\/\/agromt.news\/?p=18783","title":{"rendered":"veja como o mercado pecu\u00e1rio abriu a semana"},"content":{"rendered":"<p> <br \/>\n<\/p>\n<div>\n<p>O mercado f\u00edsico do boi gordo abriu a semana apresentando manuten\u00e7\u00e3o do padr\u00e3o dos neg\u00f3cios. <\/p>\n<p>Em determinadas regi\u00f5es do pa\u00eds come\u00e7am as tentativas de compra em patamares mais baixos, ainda sem \u00eaxito. De acordo com o analista da consultoria Safras &amp; Mercado Fernando Henrique Iglesias, S\u00e3o Paulo e Minas Gerais s\u00e3o exemplos desse movimento. <\/p>\n<p>\u201cJ\u00e1 no Centro-Norte do pa\u00eds ainda \u00e9 evidenciada firmeza dos pre\u00e7os, com manuten\u00e7\u00e3o do padr\u00e3o dos neg\u00f3cios, ou mesmo com algumas negocia\u00e7\u00f5es realizadas em patamares mais altos\u201d, conta.<\/p>\n<p>Segundo ele, sob o prisma da demanda, as exporta\u00e7\u00f5es de carne bovina seguem contundentes, com ritmo acelerado e receita crescente.<\/p>\n<h2 class=\"wp-block-heading\" id=\"h-precos-medios-do-boi-gordo\">Pre\u00e7os m\u00e9dios do boi gordo<\/h2>\n<ul class=\"wp-block-list\">\n<li><strong>S\u00e3o Paulo:<\/strong> R$ 311,25 \u2014 na sexta: R$ 314<\/li>\n<li><strong>Goi\u00e1s:<\/strong> R$ 299,82 \u2014 R$ 300,54<\/li>\n<li><strong>Minas Gerais:<\/strong> R$ 298,53 \u2014 R$ 299,41<\/li>\n<li><strong>Mato Grosso do Sul:<\/strong> R$ 318,98 \u2014 R$ 319,43<\/li>\n<li><strong>Mato Grosso:<\/strong> R$ 308,38 \u2014 R$ 308,99<\/li>\n<\/ul>\n<h2 class=\"wp-block-heading\" id=\"h-mercado-atacadista\">Mercado atacadista<\/h2>\n<p>O mercado atacadista abriu a semana apresentando acomoda\u00e7\u00e3o em seus pre\u00e7os para a carne bovina, com menor espa\u00e7o para reajustes no decorrer da segunda quinzena do m\u00eas, per\u00edodo pautado por menor apelo ao consumo. <\/p>\n<\/div>\n<div>\n<p>\u201cAinda vale mencionar que a carne de frango disp\u00f5e de maior competitividade em rela\u00e7\u00e3o as prote\u00ednas concorrentes\u201d, disse Iglesias.<\/p>\n<p>O quarto traseiro ainda \u00e9 precificado a R$ 23,30 por quilo; o dianteiro segue no patamar de R$ 18,00 por quilo; e a ponta de agulha permanece a R$ 17,20 por quilo.<\/p>\n<h2 class=\"wp-block-heading\" id=\"h-exportacoes-de-carne-bovina\">Exporta\u00e7\u00f5es de carne bovina<\/h2>\n<figure class=\"wp-block-image size-large\"><img fetchpriority=\"high\" decoding=\"async\" width=\"1024\" height=\"682\" alt=\"carne bovina exporta\u00e7\u00f5es China\" class=\"wp-image-4081957\"  data-lazy- src=\"https:\/\/agromt.news\/wp-content\/uploads\/2025\/05\/Queda-da-arroba-do-boi-em-maio-e-intensificada-pela.jpg\"\/><img decoding=\"async\" width=\"1024\" height=\"682\" src=\"https:\/\/agromt.news\/wp-content\/uploads\/2025\/05\/Queda-da-arroba-do-boi-em-maio-e-intensificada-pela.jpg\" alt=\"carne bovina exporta\u00e7\u00f5es China\" class=\"wp-image-4081957\"  \/><figcaption class=\"wp-element-caption\">Foto: Pixabay<\/figcaption><\/figure>\n<p>As exporta\u00e7\u00f5es de <strong><a href=\"https:\/\/www.canalrural.com.br\/tag\/carne\/\">carne<\/a><\/strong> bovina fresca, congelada ou refrigerada do Brasil renderam US$ 764,394 milh\u00f5es em agosto at\u00e9 o momento (11 dias \u00fateis), com m\u00e9dia di\u00e1ria de US$ 69,490 milh\u00f5es, de acordo com a Secretaria de Com\u00e9rcio Exterior (Secex).<\/p>\n<p>J\u00e1 a quantidade total exportada pelo pa\u00eds chegou a 135,785 mil toneladas, com m\u00e9dia di\u00e1ria de 12,344 mil toneladas. O pre\u00e7o m\u00e9dio da tonelada ficou em US$ 5.629,40. <\/p>\n<p>Em rela\u00e7\u00e3o a agosto de 2024, houve alta de <strong>58,5%<\/strong> no valor m\u00e9dio di\u00e1rio da exporta\u00e7\u00e3o, ganho de <strong>24,9% <\/strong>na quantidade m\u00e9dia di\u00e1ria exportada e avan\u00e7o de <strong>26,9%<\/strong> no pre\u00e7o m\u00e9dio.<\/p>\n<\/p><\/div>\n<p><br \/>\n<br \/><a href=\"https:\/\/www.canalrural.com.br\/pecuaria\/precos-do-boi-gordo-hoje-veja-como-o-mercado-pecuario-abriu-a-semana\/\">Source link <\/a><\/p>\n","protected":false},"excerpt":{"rendered":"<p>O mercado f\u00edsico do boi gordo abriu a semana apresentando manuten\u00e7\u00e3o do padr\u00e3o dos neg\u00f3cios. Em determinadas regi\u00f5es do pa\u00eds<\/p>\n","protected":false},"author":1,"featured_media":3665,"comment_status":"open","ping_status":"open","sticky":false,"template":"","format":"standard","meta":{"_monsterinsights_skip_tracking":false,"_monsterinsights_sitenote_active":false,"_monsterinsights_sitenote_note":"","_monsterinsights_sitenote_category":0,"_uf_show_specific_survey":0,"_uf_disable_surveys":false,"footnotes":""},"categories":[1],"tags":[],"class_list":["post-18783","post","type-post","status-publish","format-standard","has-post-thumbnail","hentry","category-news"],"_links":{"self":[{"href":"https:\/\/agromt.news\/index.php?rest_route=\/wp\/v2\/posts\/18783"}],"collection":[{"href":"https:\/\/agromt.news\/index.php?rest_route=\/wp\/v2\/posts"}],"about":[{"href":"https:\/\/agromt.news\/index.php?rest_route=\/wp\/v2\/types\/post"}],"author":[{"embeddable":true,"href":"https:\/\/agromt.news\/index.php?rest_route=\/wp\/v2\/users\/1"}],"replies":[{"embeddable":true,"href":"https:\/\/agromt.news\/index.php?rest_route=%2Fwp%2Fv2%2Fcomments&post=18783"}],"version-history":[{"count":0,"href":"https:\/\/agromt.news\/index.php?rest_route=\/wp\/v2\/posts\/18783\/revisions"}],"wp:featuredmedia":[{"embeddable":true,"href":"https:\/\/agromt.news\/index.php?rest_route=\/wp\/v2\/media\/3665"}],"wp:attachment":[{"href":"https:\/\/agromt.news\/index.php?rest_route=%2Fwp%2Fv2%2Fmedia&parent=18783"}],"wp:term":[{"taxonomy":"category","embeddable":true,"href":"https:\/\/agromt.news\/index.php?rest_route=%2Fwp%2Fv2%2Fcategories&post=18783"},{"taxonomy":"post_tag","embeddable":true,"href":"https:\/\/agromt.news\/index.php?rest_route=%2Fwp%2Fv2%2Ftags&post=18783"}],"curies":[{"name":"wp","href":"https:\/\/api.w.org\/{rel}","templated":true}]}}