{"id":18775,"date":"2025-08-18T19:22:07","date_gmt":"2025-08-18T23:22:07","guid":{"rendered":"https:\/\/agromt.news\/?p=18775"},"modified":"2025-08-18T19:22:07","modified_gmt":"2025-08-18T23:22:07","slug":"chuva-aparece-ou-seca-castiga-como-deve-ficar-o-tempo-na-virada-do-mes-de-agosto","status":"publish","type":"post","link":"https:\/\/agromt.news\/?p=18775","title":{"rendered":"Chuva aparece ou seca castiga? Como deve ficar o tempo na virada do m\u00eas de agosto?"},"content":{"rendered":"<p> <br \/>\n<br \/><img decoding=\"async\" src=\"https:\/\/agromt.news\/wp-content\/uploads\/2025\/08\/Chuva-aparece-ou-seca-castiga-Como-deve-ficar-o-tempo.jpg\" \/><\/p>\n<div>\n<p>A <a href=\"https:\/\/www.canalrural.com.br\/?s=previs%C3%A3o+do+tempo\">previs\u00e3o <\/a>do tempo para os pr\u00f3ximos dias indica a possibilidade de focos de inc\u00eandio em grande parte do Brasil Central, incluindo nas regi\u00f5es do Matopiba. Por isso, os <a href=\"https:\/\/www.canalrural.com.br\/agricultura\/projeto-soja-brasil\/\">produtores <\/a>devem evitar qualquer manejo com fogo nos pr\u00f3ximos 15 dias, especialmente porque n\u00e3o h\u00e1 previs\u00e3o de chuva.<\/p>\n<figure class=\"wp-block-embed is-type-video is-provider-youtube wp-block-embed-youtube wp-embed-aspect-16-9 wp-has-aspect-ratio\">\n<p>\n<iframe title=\"Chuva aparece ou seca castiga? Como deve ficar o tempo na virada do m\u00eas?\" width=\"800\" height=\"450\" src=\"https:\/\/www.youtube.com\/embed\/V7U9NLdmIto?feature=oembed\" frameborder=\"0\" allow=\"accelerometer; autoplay; clipboard-write; encrypted-media; gyroscope; picture-in-picture; web-share\" referrerpolicy=\"strict-origin-when-cross-origin\" allowfullscreen><\/iframe><noscript><iframe title=\"Chuva aparece ou seca castiga? Como deve ficar o tempo na virada do m\u00eas?\" width=\"800\" height=\"450\" src=\"https:\/\/www.youtube.com\/embed\/V7U9NLdmIto?feature=oembed\" frameborder=\"0\" allow=\"accelerometer; autoplay; clipboard-write; encrypted-media; gyroscope; picture-in-picture; web-share\" referrerpolicy=\"strict-origin-when-cross-origin\" allowfullscreen><\/iframe><\/noscript>\n<\/p>\n<\/figure>\n<ul class=\"wp-block-list\">\n<li><strong><em>Fique por dentro das novidades e not\u00edcias recentes sobre a soja! Participe da nossa comunidade atrav\u00e9s do\u00a0<a href=\"https:\/\/chat.whatsapp.com\/BmMRwA0TZ2DHGyhzoaVEWu\">link<\/a>! \ud83c\udf31<\/em><\/strong><\/li>\n<\/ul>\n<\/div>\n<div>\n<h2 class=\"wp-block-heading\" id=\"h-o-tempo-no-sul\">O tempo no Sul <\/h2>\n<p>Segundo o meteorologista do <a href=\"https:\/\/www.canalrural.com.br\/\">Canal Rural<\/a>, Arthur M\u00fcller, no Sul do pa\u00eds, um ciclone em forma\u00e7\u00e3o deve levar chuva para Rio Grande do Sul, Santa Catarina, Paran\u00e1 e at\u00e9 a por\u00e7\u00e3o sul do Mato Grosso do Sul. Essa situa\u00e7\u00e3o, por\u00e9m, n\u00e3o deve espalhar precipita\u00e7\u00e3o para o Brasil Central, onde o retorno das chuvas est\u00e1 previsto apenas para a virada do m\u00eas de agosto para setembro.<\/p>\n<h2 class=\"wp-block-heading\" id=\"h-quando-a-chuva-vem\">Quando a chuva vem?<\/h2>\n<p>Entre os dias 24 e 28 de agosto, a chuva deve se concentrar no Paran\u00e1 e no sul do Mato Grosso do Sul. A partir da virada do m\u00eas, espera-se precipita\u00e7\u00e3o pouco volumosa e mal distribu\u00edda no Centro-Oeste e Sudeste, suficiente para, aos poucos, amenizar os focos de inc\u00eandio, repor a umidade do solo e permitir que os produtores acelerem os trabalhos no campo.<\/p>\n<\/p><\/div>\n<p><br \/>\n<br \/><a href=\"https:\/\/www.canalrural.com.br\/agricultura\/projeto-soja-brasil\/chuva-aparece-ou-seca-castiga-como-deve-ficar-o-tempo-na-virada-do-mes-de-agosto\/\">Source link <\/a><\/p>\n","protected":false},"excerpt":{"rendered":"<p>A previs\u00e3o do tempo para os pr\u00f3ximos dias indica a possibilidade de focos de inc\u00eandio em grande parte do Brasil<\/p>\n","protected":false},"author":1,"featured_media":18776,"comment_status":"open","ping_status":"open","sticky":false,"template":"","format":"standard","meta":{"_monsterinsights_skip_tracking":false,"_monsterinsights_sitenote_active":false,"_monsterinsights_sitenote_note":"","_monsterinsights_sitenote_category":0,"_uf_show_specific_survey":0,"_uf_disable_surveys":false,"footnotes":""},"categories":[1],"tags":[],"class_list":["post-18775","post","type-post","status-publish","format-standard","has-post-thumbnail","hentry","category-news"],"_links":{"self":[{"href":"https:\/\/agromt.news\/index.php?rest_route=\/wp\/v2\/posts\/18775"}],"collection":[{"href":"https:\/\/agromt.news\/index.php?rest_route=\/wp\/v2\/posts"}],"about":[{"href":"https:\/\/agromt.news\/index.php?rest_route=\/wp\/v2\/types\/post"}],"author":[{"embeddable":true,"href":"https:\/\/agromt.news\/index.php?rest_route=\/wp\/v2\/users\/1"}],"replies":[{"embeddable":true,"href":"https:\/\/agromt.news\/index.php?rest_route=%2Fwp%2Fv2%2Fcomments&post=18775"}],"version-history":[{"count":0,"href":"https:\/\/agromt.news\/index.php?rest_route=\/wp\/v2\/posts\/18775\/revisions"}],"wp:featuredmedia":[{"embeddable":true,"href":"https:\/\/agromt.news\/index.php?rest_route=\/wp\/v2\/media\/18776"}],"wp:attachment":[{"href":"https:\/\/agromt.news\/index.php?rest_route=%2Fwp%2Fv2%2Fmedia&parent=18775"}],"wp:term":[{"taxonomy":"category","embeddable":true,"href":"https:\/\/agromt.news\/index.php?rest_route=%2Fwp%2Fv2%2Fcategories&post=18775"},{"taxonomy":"post_tag","embeddable":true,"href":"https:\/\/agromt.news\/index.php?rest_route=%2Fwp%2Fv2%2Ftags&post=18775"}],"curies":[{"name":"wp","href":"https:\/\/api.w.org\/{rel}","templated":true}]}}