{"id":18770,"date":"2025-08-18T18:54:22","date_gmt":"2025-08-18T22:54:22","guid":{"rendered":"https:\/\/agromt.news\/?p=18770"},"modified":"2025-08-18T18:54:22","modified_gmt":"2025-08-18T22:54:22","slug":"dia-do-algodao-discute-cadeia-produtiva-e-celebra-25-anos-de-associacao","status":"publish","type":"post","link":"https:\/\/agromt.news\/?p=18770","title":{"rendered":"Dia do Algod\u00e3o discute cadeia produtiva e celebra 25 anos de associa\u00e7\u00e3o"},"content":{"rendered":"<p> <br \/>\n<\/p>\n<div>\n<p>No \u00faltimo s\u00e1bado (16), foi realizado no Oeste da Bahia o <strong>Dia do Algod\u00e3o<\/strong>, promovido pela <strong>Associa\u00e7\u00e3o Baiana dos Produtores de Algod\u00e3o (Abapa)<\/strong>. O evento bateu recorde de p\u00fablico e tamb\u00e9m a celebrou os <strong>25 anos<\/strong> da<strong> <\/strong>entidade, reunindo cerca de <strong>1,7 mil pessoas<\/strong> entre produtores rurais, empres\u00e1rios, estudantes e autoridades.<\/p>\n<p>Realizado na Fazenda Santana, uma das maiores da regi\u00e3o, do Grupo Franciosi, o encontro trouxe uma programa\u00e7\u00e3o intensa, com palestras, visitas t\u00e9cnicas a esta\u00e7\u00f5es de cultivares, espa\u00e7o de expositores e discuss\u00f5es sobre inova\u00e7\u00e3o, sustentabilidade, mercado e o futuro do algod\u00e3o brasileiro.<\/p>\n<p>Para a presidente da Abapa, Alessandra Zanotto Costa, o aumento no n\u00famero de participantes e expositores reflete a for\u00e7a do setor na Bahia.<\/p>\n<p>Acredito que isso mostra a for\u00e7a do algod\u00e3o no nosso estado. J\u00e1 avan\u00e7amos em mais da metade da colheita e as expectativas est\u00e3o at\u00e9 se superando, mesmo diante dos desafios clim\u00e1ticos\u201d, afirmou.<\/p>\n<p>Anfitri\u00e3 do evento, Valentina Franciosi, representante da segunda gera\u00e7\u00e3o da fam\u00edlia propriet\u00e1ria da Fazenda Santana, destacou a import\u00e2ncia de abrir as portas da propriedade para o setor. <\/p>\n<figure class=\"wp-block-image size-large\"><img fetchpriority=\"high\" decoding=\"async\" width=\"1024\" height=\"577\" alt=\"Dia do algod\u00e3o, evento, abapa, cotonicultura, fazenda santanta, grupo franciosi\" class=\"wp-image-4117649\"  data-lazy- src=\"https:\/\/agromt.news\/wp-content\/uploads\/2025\/08\/Dia-do-Algodao-discute-cadeia-produtiva-e-celebra-25-anos.jpeg\"\/><img decoding=\"async\" width=\"1024\" height=\"577\" src=\"https:\/\/agromt.news\/wp-content\/uploads\/2025\/08\/Dia-do-Algodao-discute-cadeia-produtiva-e-celebra-25-anos.jpeg\" alt=\"Dia do algod\u00e3o, evento, abapa, cotonicultura, fazenda santanta, grupo franciosi\" class=\"wp-image-4117649\"  \/><figcaption class=\"wp-element-caption\">Foto: Vinicius Ramos\/Canal Rural BA<\/figcaption><\/figure>\n<p>\u201c\u00c9 um orgulho muito grande. Hoje temos cerca de 40 mil hectares irrigados, conseguimos duas safras por ano e buscamos sempre efici\u00eancia com os recursos h\u00eddricos. Al\u00e9m disso, a fazenda \u00e9 refer\u00eancia em sustentabilidade, com \u00e1reas de reserva e preserva\u00e7\u00e3o ao redor do rio\u201d, disse.<\/p>\n<\/div>\n<div>\n<p>Al\u00e9m do p\u00fablico, 37 expositores do setor participaram do encontro. O palestrante Rodrigo Buffon ressaltou a relev\u00e2ncia do Oeste baiano para o debate agr\u00edcola no pa\u00eds. <\/p>\n<p>\u201cA regi\u00e3o se tornou um palco de discuss\u00f5es sobre agricultura regenerativa de alta performance, com investimentos em solo, irriga\u00e7\u00e3o e sustentabilidade, o que resulta em qualidade e produtividade da fibra\u201d, destacou.<\/p>\n<h3 class=\"wp-block-heading\" id=\"h-crescimento\">Crescimento<\/h3>\n<p>De acordo com o <strong>IBGE<\/strong>, a Bahia deve colher em 2025 <a href=\"https:\/\/www.canalrural.com.br\/nacional\/bahia\/nova-revisao-mantem-safra-recorde-de-graos-na-bahia-em-2025\/\"><strong>1,865 milh\u00e3o de toneladas de algod\u00e3o<\/strong>,<\/a> volume <strong>5,4% superior<\/strong> ao registrado em 2024. <\/p>\n<p>Al\u00e9m disso, o estado segue como o <strong>segundo maior produtor nacional<\/strong>, respons\u00e1vel por <strong>19,6% da safra brasileira<\/strong>.<\/p>\n<hr class=\"wp-block-separator has-alpha-channel-opacity\"\/>\n<p><em>Voc\u00ea tamb\u00e9m pode participar deixando uma sugest\u00e3o de pauta. Siga o\u00a0<a href=\"https:\/\/www.instagram.com\/canalruralbahia\/\">Canal Rural Bahia no Instagram<\/a>\u00a0e nos envie uma mensagem<\/em>.<\/p>\n<\/p><\/div>\n<p><script async src=\"\/\/www.instagram.com\/embed.js\"><\/script><br \/>\n<br \/><br \/>\n<br \/><a href=\"https:\/\/www.canalrural.com.br\/nacional\/bahia\/dia-do-algodao-discute-cadeia-produtiva-e-celebra-25-anos-de-associacao\/\">Source link <\/a><\/p>\n","protected":false},"excerpt":{"rendered":"<p>No \u00faltimo s\u00e1bado (16), foi realizado no Oeste da Bahia o Dia do Algod\u00e3o, promovido pela Associa\u00e7\u00e3o Baiana dos Produtores<\/p>\n","protected":false},"author":1,"featured_media":18771,"comment_status":"open","ping_status":"open","sticky":false,"template":"","format":"standard","meta":{"_monsterinsights_skip_tracking":false,"_monsterinsights_sitenote_active":false,"_monsterinsights_sitenote_note":"","_monsterinsights_sitenote_category":0,"_uf_show_specific_survey":0,"_uf_disable_surveys":false,"footnotes":""},"categories":[1],"tags":[],"class_list":["post-18770","post","type-post","status-publish","format-standard","has-post-thumbnail","hentry","category-news"],"_links":{"self":[{"href":"https:\/\/agromt.news\/index.php?rest_route=\/wp\/v2\/posts\/18770"}],"collection":[{"href":"https:\/\/agromt.news\/index.php?rest_route=\/wp\/v2\/posts"}],"about":[{"href":"https:\/\/agromt.news\/index.php?rest_route=\/wp\/v2\/types\/post"}],"author":[{"embeddable":true,"href":"https:\/\/agromt.news\/index.php?rest_route=\/wp\/v2\/users\/1"}],"replies":[{"embeddable":true,"href":"https:\/\/agromt.news\/index.php?rest_route=%2Fwp%2Fv2%2Fcomments&post=18770"}],"version-history":[{"count":0,"href":"https:\/\/agromt.news\/index.php?rest_route=\/wp\/v2\/posts\/18770\/revisions"}],"wp:featuredmedia":[{"embeddable":true,"href":"https:\/\/agromt.news\/index.php?rest_route=\/wp\/v2\/media\/18771"}],"wp:attachment":[{"href":"https:\/\/agromt.news\/index.php?rest_route=%2Fwp%2Fv2%2Fmedia&parent=18770"}],"wp:term":[{"taxonomy":"category","embeddable":true,"href":"https:\/\/agromt.news\/index.php?rest_route=%2Fwp%2Fv2%2Fcategories&post=18770"},{"taxonomy":"post_tag","embeddable":true,"href":"https:\/\/agromt.news\/index.php?rest_route=%2Fwp%2Fv2%2Ftags&post=18770"}],"curies":[{"name":"wp","href":"https:\/\/api.w.org\/{rel}","templated":true}]}}