{"id":18759,"date":"2025-08-18T17:39:20","date_gmt":"2025-08-18T21:39:20","guid":{"rendered":"https:\/\/agromt.news\/?p=18759"},"modified":"2025-08-18T17:39:20","modified_gmt":"2025-08-18T21:39:20","slug":"foi-dada-a-largada-inscreva-se-para-a-abertura-nacional-do-plantio-da-soja-2025-26","status":"publish","type":"post","link":"https:\/\/agromt.news\/?p=18759","title":{"rendered":"Foi dada a largada! Inscreva-se para a Abertura Nacional do Plantio da Soja 2025\/26!"},"content":{"rendered":"<p> <br \/>\n<br \/><img decoding=\"async\" src=\"https:\/\/agromt.news\/wp-content\/uploads\/2025\/08\/Foi-dada-a-largada-Inscreva-se-para-a-Abertura-Nacional-do.png\" \/><\/p>\n<div>\n<p>O<a href=\"https:\/\/www.canalrural.com.br\/agricultura\/projeto-soja-brasil\/a-abertura-nacional-do-plantio-da-soja-25-26-ja-tem-data-marcada\/\"> evento que marca a abertura da safra<\/a> 2025\/26 de soja j\u00e1 est\u00e1 com as inscri\u00e7\u00f5es abertas para quem deseja participar presencialmente. A Abertura Nacional do Plantio da Soja ser\u00e1 realizada no dia 3 de outubro, a partir das 9h (hor\u00e1rio de Bras\u00edlia), diretamente da Fazenda Recanto, em Sidrol\u00e2ndia (MS). A cerim\u00f4nia celebra tamb\u00e9m o in\u00edcio da 14\u00aa temporada do Projeto Soja Brasil. N\u00e3o fique de fora: clique <a href=\"https:\/\/eventos.canalrural.com.br\/plantio-da-soja\">aqui <\/a>e fa\u00e7a sua inscri\u00e7\u00e3o gratuitamente!<\/p>\n<ul class=\"wp-block-list\">\n<li><strong><em>Fique por dentro das novidades e not\u00edcias recentes sobre a soja! Participe da nossa comunidade atrav\u00e9s do\u00a0<a href=\"https:\/\/chat.whatsapp.com\/BmMRwA0TZ2DHGyhzoaVEWu\">link<\/a>! \ud83c\udf31<\/em><\/strong><\/li>\n<\/ul>\n<\/div>\n<div>\n<p>Realizado pelo Canal Rural em parceria com a Aprosoja Brasil, o encontro reunir\u00e1 autoridades, produtores rurais e especialistas para debater temas de impacto no setor, como os desafios do mercado mundial, as condi\u00e7\u00f5es clim\u00e1ticas para a safra e o cen\u00e1rio geopol\u00edtico.<\/p>\n<p>Al\u00e9m das discuss\u00f5es, os participantes poder\u00e3o acompanhar m\u00e1quinas em a\u00e7\u00e3o no campo e prestigiar um almo\u00e7o especial de confraterniza\u00e7\u00e3o. Fa\u00e7a parte deste momento hist\u00f3rico para a soja brasileira. Inscreva-se! <\/p>\n<figure class=\"wp-block-embed is-type-video is-provider-youtube wp-block-embed-youtube wp-embed-aspect-16-9 wp-has-aspect-ratio\">\n<p>\n<iframe title=\"Abertura Nacional do Plantio da Soja 25\/26\" width=\"800\" height=\"450\" src=\"https:\/\/www.youtube.com\/embed\/X02Z3JTRyGI?feature=oembed\" frameborder=\"0\" allow=\"accelerometer; autoplay; clipboard-write; encrypted-media; gyroscope; picture-in-picture; web-share\" referrerpolicy=\"strict-origin-when-cross-origin\" allowfullscreen><\/iframe><noscript><iframe title=\"Abertura Nacional do Plantio da Soja 25\/26\" width=\"800\" height=\"450\" src=\"https:\/\/www.youtube.com\/embed\/X02Z3JTRyGI?feature=oembed\" frameborder=\"0\" allow=\"accelerometer; autoplay; clipboard-write; encrypted-media; gyroscope; picture-in-picture; web-share\" referrerpolicy=\"strict-origin-when-cross-origin\" allowfullscreen><\/iframe><\/noscript>\n<\/p>\n<\/figure><\/div>\n<p><br \/>\n<br \/><a href=\"https:\/\/www.canalrural.com.br\/agricultura\/projeto-soja-brasil\/foi-dada-a-largada-inscreva-se-para-a-abertura-nacional-do-plantio-da-soja-2025-26\/\">Source link <\/a><\/p>\n","protected":false},"excerpt":{"rendered":"<p>O evento que marca a abertura da safra 2025\/26 de soja j\u00e1 est\u00e1 com as inscri\u00e7\u00f5es abertas para quem deseja<\/p>\n","protected":false},"author":1,"featured_media":18760,"comment_status":"open","ping_status":"open","sticky":false,"template":"","format":"standard","meta":{"_monsterinsights_skip_tracking":false,"_monsterinsights_sitenote_active":false,"_monsterinsights_sitenote_note":"","_monsterinsights_sitenote_category":0,"_uf_show_specific_survey":0,"_uf_disable_surveys":false,"footnotes":""},"categories":[1],"tags":[],"class_list":["post-18759","post","type-post","status-publish","format-standard","has-post-thumbnail","hentry","category-news"],"_links":{"self":[{"href":"https:\/\/agromt.news\/index.php?rest_route=\/wp\/v2\/posts\/18759"}],"collection":[{"href":"https:\/\/agromt.news\/index.php?rest_route=\/wp\/v2\/posts"}],"about":[{"href":"https:\/\/agromt.news\/index.php?rest_route=\/wp\/v2\/types\/post"}],"author":[{"embeddable":true,"href":"https:\/\/agromt.news\/index.php?rest_route=\/wp\/v2\/users\/1"}],"replies":[{"embeddable":true,"href":"https:\/\/agromt.news\/index.php?rest_route=%2Fwp%2Fv2%2Fcomments&post=18759"}],"version-history":[{"count":0,"href":"https:\/\/agromt.news\/index.php?rest_route=\/wp\/v2\/posts\/18759\/revisions"}],"wp:featuredmedia":[{"embeddable":true,"href":"https:\/\/agromt.news\/index.php?rest_route=\/wp\/v2\/media\/18760"}],"wp:attachment":[{"href":"https:\/\/agromt.news\/index.php?rest_route=%2Fwp%2Fv2%2Fmedia&parent=18759"}],"wp:term":[{"taxonomy":"category","embeddable":true,"href":"https:\/\/agromt.news\/index.php?rest_route=%2Fwp%2Fv2%2Fcategories&post=18759"},{"taxonomy":"post_tag","embeddable":true,"href":"https:\/\/agromt.news\/index.php?rest_route=%2Fwp%2Fv2%2Ftags&post=18759"}],"curies":[{"name":"wp","href":"https:\/\/api.w.org\/{rel}","templated":true}]}}