{"id":18748,"date":"2025-08-18T12:26:14","date_gmt":"2025-08-18T16:26:14","guid":{"rendered":"https:\/\/agromt.news\/?p=18748"},"modified":"2025-08-18T12:26:14","modified_gmt":"2025-08-18T16:26:14","slug":"forum-leva-a-visao-alem-dos-numeros-a-18a-expogenetica","status":"publish","type":"post","link":"https:\/\/agromt.news\/?p=18748","title":{"rendered":"F\u00f3rum leva a \u201cVis\u00e3o al\u00e9m dos n\u00fameros\u201d \u00e0 18\u00aa ExpoGen\u00e9tica"},"content":{"rendered":"<p> <br \/>\n<\/p>\n<div>\n<p>Com o tema <strong>\u201cTransformando gen\u00e9tica em lucro\u201d<\/strong>, a 18\u00aa ExpoGen\u00e9tica, em Uberaba (MG), refor\u00e7a a miss\u00e3o de mostrar como a sele\u00e7\u00e3o de animais de ponta pode resultar em maior produtividade e rentabilidade na pecu\u00e1ria. Entre os destaques da programa\u00e7\u00e3o est\u00e1 o <strong>2\u00ba F\u00f3rum Gen\u00e9tico Melhora+<\/strong>, que acontece no <strong>dia 22 de agosto<\/strong>, no Espa\u00e7o ABCZ Mulher.<\/p>\n<h2 class=\"wp-block-heading\" id=\"h-forum-melhora-visao-alem-dos-numeros\">F\u00f3rum Melhora+: \u201cVis\u00e3o al\u00e9m dos n\u00fameros\u201d<\/h2>\n<figure class=\"wp-block-image size-full\"><img fetchpriority=\"high\" fetchpriority=\"high\" decoding=\"async\" width=\"2560\" height=\"1920\" src=\"https:\/\/agromt.news\/wp-content\/uploads\/2025\/08\/Forum-leva-a-Visao-alem-dos-numeros-a-18a-ExpoGenetica.jpg\" alt=\"Roberta Gestal Expogen\u00e9tica 2025 F\u00f3rum Melhora+\" class=\"wp-image-4117571\"  \/><figcaption class=\"wp-element-caption\">Roberta Gestal no pavilh\u00e3o da Melhora+, Expogen\u00e9tica 2025 | Foto: Larissa Bezerra<\/figcaption><\/figure>\n<p>Este ano, o F\u00f3rum Melhora+ traz como tema <strong>\u201cVis\u00e3o al\u00e9m dos n\u00fameros\u201d<\/strong>, discutindo o papel dos \u00edndices gen\u00e9ticos e a necessidade de olhar para al\u00e9m das m\u00e9tricas. A proposta \u00e9 promover uma troca entre produtores, t\u00e9cnicos e o meio cient\u00edfico para alinhar expectativas e estrat\u00e9gias dentro do melhoramento bovino.<\/p>\n<p><a href=\"https:\/\/www.lancerural.com.br\/roberta-gestal-indices-geneticos-ferramenta\/\">Em entrevista exclusiva ao <strong>Lance Rural<\/strong><\/a>, a zootecnista e diretora t\u00e9cnica da Melhora+, <strong>Roberta Gestal<\/strong>, destacou que o f\u00f3rum chega em 2025 com um debate ainda mais necess\u00e1rio:<\/p>\n<blockquote class=\"wp-block-quote is-layout-flow wp-block-quote-is-layout-flow\">\n<p><em>\u201cO F\u00f3rum \u00e9 um momento de reflex\u00e3o. No ano passado, tivemos a primeira edi\u00e7\u00e3o, mas este ano o tema \u00e9 muito atual e tem trazido inquieta\u00e7\u00e3o entre t\u00e9cnicos, criadores e o meio cient\u00edfico: para onde os \u00edndices gen\u00e9ticos est\u00e3o levando o melhoramento?\u201d<\/em>, afirma.<\/p>\n<\/blockquote>\n<p>Roberta explica que as <strong>avalia\u00e7\u00f5es gen\u00e9ticas<\/strong> devem ser vistas como ferramentas de apoio, e n\u00e3o como ponto final:<\/p>\n<blockquote class=\"wp-block-quote is-layout-flow wp-block-quote-is-layout-flow\">\n<p><em>\u201cA avalia\u00e7\u00e3o gen\u00e9tica \u00e9 uma ferramenta. Ela n\u00e3o \u00e9 o fim, mas o meio para que possamos fazer a sele\u00e7\u00e3o, a escolha dos animais e provocar a melhoria gen\u00e9tica dentro do rebanho.\u201d<\/em><\/p>\n<\/blockquote>\n<h2 class=\"wp-block-heading\" id=\"h-indices-como-guia-nao-como-destino\">\u00cdndices como guia, n\u00e3o como destino<\/h2>\n<p>Segundo a especialista, os <strong>programas de melhoramento no Brasil<\/strong> oferecem excelentes recursos, mas os \u00edndices precisam ser utilizados com crit\u00e9rio:<\/p>\n<blockquote class=\"wp-block-quote is-layout-flow wp-block-quote-is-layout-flow\">\n<p><em>\u201cO \u00edndice \u00e9 um facilitador. O criador que produz gen\u00e9tica vai usar v\u00e1rias ferramentas para modelar seu rebanho, mas o usu\u00e1rio final muitas vezes olha apenas o \u00edndice, e ele nem sempre atende \u00e0s necessidades espec\u00edficas de cada fazenda. \u00c9 isso que queremos discutir: qual o caminho que estamos dando ao melhoramento gen\u00e9tico?\u201d<\/em><\/p>\n<\/blockquote>\n<\/div>\n<div>\n<h2 class=\"wp-block-heading\" id=\"h-alem-dos-numeros-a-essencia-do-melhoramento\">Al\u00e9m dos n\u00fameros: a ess\u00eancia do melhoramento<\/h2>\n<p>Para Roberta, o grande desafio \u00e9 ir al\u00e9m da leitura dos dados e compreender o impacto real no rebanho:<\/p>\n<blockquote class=\"wp-block-quote is-layout-flow wp-block-quote-is-layout-flow\">\n<p><em>\u201cN\u00f3s n\u00e3o estamos simplesmente atribuindo n\u00fameros aos animais. Estamos mexendo na estrutura gen\u00e9tica de um rebanho. Estamos arquitetando essa gen\u00e9tica. Por isso o tema \u00e9 a vis\u00e3o al\u00e9m dos n\u00fameros: o que est\u00e1 por tr\u00e1s deles e o que realmente buscamos como ess\u00eancia do melhoramento.\u201d<\/em><\/p>\n<\/blockquote>\n<p>Ela ainda refor\u00e7ou que, diferentemente do passado, hoje o pecuarista disp\u00f5e de ferramentas capazes de <strong>predizer resultados<\/strong>:<\/p>\n<figure class=\"wp-block-image size-full\"><img decoding=\"async\" width=\"2560\" height=\"1920\" alt=\"Roberta Gestal Expogen\u00e9tica 2025 F\u00f3rum Melhora+\" class=\"wp-image-4117572\"  data-lazy- src=\"https:\/\/agromt.news\/wp-content\/uploads\/2025\/08\/1755534374_102_Forum-leva-a-Visao-alem-dos-numeros-a-18a-ExpoGenetica.jpg\"\/><img decoding=\"async\" width=\"2560\" height=\"1920\" src=\"https:\/\/agromt.news\/wp-content\/uploads\/2025\/08\/1755534374_102_Forum-leva-a-Visao-alem-dos-numeros-a-18a-ExpoGenetica.jpg\" alt=\"Roberta Gestal Expogen\u00e9tica 2025 F\u00f3rum Melhora+\" class=\"wp-image-4117572\"  \/><figcaption class=\"wp-element-caption\">Roberta Gestal, na 18\u00aa Expogen\u00e9tica | Foto: Larissa Bezerra <\/figcaption><\/figure>\n<blockquote class=\"wp-block-quote is-layout-flow wp-block-quote-is-layout-flow\">\n<p><em>\u201cAntes, escolh\u00edamos um touro ou uma vaca acreditando que eram os melhores e esper\u00e1vamos para ver o produto nascer. Hoje, podemos predizer o valor gen\u00e9tico das futuras gera\u00e7\u00f5es. Essa \u00e9 a riqueza que temos com as ferramentas dispon\u00edveis nos programas de melhoramento.\u201d<\/em><\/p>\n<\/blockquote>\n<p> <strong>Servi\u00e7o:<\/strong><\/p>\n<ul class=\"wp-block-list\">\n<li><strong>Evento:<\/strong> 2\u00ba F\u00f3rum Gen\u00e9tico Melhora+<\/li>\n<li><strong>Data:<\/strong> 22 de agosto<\/li>\n<li><strong>Hor\u00e1rio:<\/strong> 13h<\/li>\n<li><strong>Local:<\/strong> Espa\u00e7o ABCZ Mulher \u2013 Uberaba (MG)<\/li>\n<li><strong>Tema do f\u00f3rum:<\/strong> \u201cVis\u00e3o al\u00e9m dos n\u00fameros\u201d<\/li>\n<\/ul>\n<p><a href=\"https:\/\/www.canalrural.com.br\/diversos\/leiloes-da-expogenetica-movimentam-mais-de-r-56-milhoes\/\">Leia tamb\u00e9m: Leil\u00f5es da Expogen\u00e9tica movimentam mais de R$56 milh\u00f5es<\/a><\/p>\n<\/p><\/div>\n<p><br \/>\n<br \/><a href=\"https:\/\/www.canalrural.com.br\/pecuaria\/forum-leva-a-visao-alem-dos-numeros-a-18a-expogenetica\/\">Source link <\/a><\/p>\n","protected":false},"excerpt":{"rendered":"<p>Com o tema \u201cTransformando gen\u00e9tica em lucro\u201d, a 18\u00aa ExpoGen\u00e9tica, em Uberaba (MG), refor\u00e7a a miss\u00e3o de mostrar como a<\/p>\n","protected":false},"author":1,"featured_media":18749,"comment_status":"open","ping_status":"open","sticky":false,"template":"","format":"standard","meta":{"_monsterinsights_skip_tracking":false,"_monsterinsights_sitenote_active":false,"_monsterinsights_sitenote_note":"","_monsterinsights_sitenote_category":0,"_uf_show_specific_survey":0,"_uf_disable_surveys":false,"footnotes":""},"categories":[1],"tags":[],"class_list":["post-18748","post","type-post","status-publish","format-standard","has-post-thumbnail","hentry","category-news"],"_links":{"self":[{"href":"https:\/\/agromt.news\/index.php?rest_route=\/wp\/v2\/posts\/18748"}],"collection":[{"href":"https:\/\/agromt.news\/index.php?rest_route=\/wp\/v2\/posts"}],"about":[{"href":"https:\/\/agromt.news\/index.php?rest_route=\/wp\/v2\/types\/post"}],"author":[{"embeddable":true,"href":"https:\/\/agromt.news\/index.php?rest_route=\/wp\/v2\/users\/1"}],"replies":[{"embeddable":true,"href":"https:\/\/agromt.news\/index.php?rest_route=%2Fwp%2Fv2%2Fcomments&post=18748"}],"version-history":[{"count":0,"href":"https:\/\/agromt.news\/index.php?rest_route=\/wp\/v2\/posts\/18748\/revisions"}],"wp:featuredmedia":[{"embeddable":true,"href":"https:\/\/agromt.news\/index.php?rest_route=\/wp\/v2\/media\/18749"}],"wp:attachment":[{"href":"https:\/\/agromt.news\/index.php?rest_route=%2Fwp%2Fv2%2Fmedia&parent=18748"}],"wp:term":[{"taxonomy":"category","embeddable":true,"href":"https:\/\/agromt.news\/index.php?rest_route=%2Fwp%2Fv2%2Fcategories&post=18748"},{"taxonomy":"post_tag","embeddable":true,"href":"https:\/\/agromt.news\/index.php?rest_route=%2Fwp%2Fv2%2Ftags&post=18748"}],"curies":[{"name":"wp","href":"https:\/\/api.w.org\/{rel}","templated":true}]}}