{"id":18743,"date":"2025-08-18T11:26:12","date_gmt":"2025-08-18T15:26:12","guid":{"rendered":"https:\/\/agromt.news\/?p=18743"},"modified":"2025-08-18T11:26:12","modified_gmt":"2025-08-18T15:26:12","slug":"feijao-cotacoes-caem-com-o-avanco-da-colheita-do-feijao-carioca","status":"publish","type":"post","link":"https:\/\/agromt.news\/?p=18743","title":{"rendered":"Feij\u00e3o: cota\u00e7\u00f5es caem com o avan\u00e7o da colheita do feij\u00e3o-carioca"},"content":{"rendered":"<p> <br \/>\n<br \/><img decoding=\"async\" src=\"https:\/\/agromt.news\/wp-content\/uploads\/2025\/05\/Variedades-de-feijao-tem-comportamentos-opostos-nas-cotacoes.jpg\" \/><\/p>\n<div>\n<p>A colheita do feij\u00e3o-carioca est\u00e1 avan\u00e7ando nas principais regi\u00f5es produtoras, abastecendo a demanda do mercado com gr\u00e3os de colora\u00e7\u00f5es mais claras. Diante disso, os pre\u00e7os do gr\u00e3o est\u00e3o em queda na maioria das pra\u00e7as acompanhadas pelo o <a href=\"https:\/\/www.canalrural.com.br\/tag\/cepea\/\">Centro de Estudos Avan\u00e7ados em Economia Aplicada (Cepea).<\/a><\/p>\n<p>Segundo o instituto, o armazenamento em c\u00e2maras frias ainda possibilita que estes lotes sejam negociados conforme necessidade financeira dos produtores. Esses agentes est\u00e3o atentos ao balan\u00e7o entre os custos de produ\u00e7\u00e3o e os pre\u00e7os do spot nacional.\u00a0<\/p>\n<\/div>\n<div>\n<p>No campo, a estimativa de produ\u00e7\u00e3o da terceira safra 2024\/25 de feij\u00e3o cores pela Conab chega a 604,2 mil toneladas. Volume que representa uma diminui\u00e7\u00e3o de 18,1% frente ao ciclo anterior (2023\/24). Esse cen\u00e1rio se deve sobretudo ao recuo de 19,2% na \u00e1rea.\u00a0<\/p>\n<p>A Companhia indica tamb\u00e9m que a produ\u00e7\u00e3o total da temporada 2024\/25 deve ser de 3,09 milh\u00f5es de toneladas, queda de 3,5% em rela\u00e7\u00e3o \u00e0 safra anterior.<\/p>\n<p><em>*Sob supervis\u00e3o de Luis Roberto Toledo<\/em><\/p>\n<\/p><\/div>\n<p><br \/>\n<br \/><a href=\"https:\/\/www.canalrural.com.br\/agricultura\/feijao-cotacoes-caem-com-o-avanco-da-colheita-do-feijao-carioca\/\">Source link <\/a><\/p>\n","protected":false},"excerpt":{"rendered":"<p>A colheita do feij\u00e3o-carioca est\u00e1 avan\u00e7ando nas principais regi\u00f5es produtoras, abastecendo a demanda do mercado com gr\u00e3os de colora\u00e7\u00f5es mais<\/p>\n","protected":false},"author":1,"featured_media":13920,"comment_status":"open","ping_status":"open","sticky":false,"template":"","format":"standard","meta":{"_monsterinsights_skip_tracking":false,"_monsterinsights_sitenote_active":false,"_monsterinsights_sitenote_note":"","_monsterinsights_sitenote_category":0,"_uf_show_specific_survey":0,"_uf_disable_surveys":false,"footnotes":""},"categories":[1],"tags":[],"class_list":["post-18743","post","type-post","status-publish","format-standard","has-post-thumbnail","hentry","category-news"],"_links":{"self":[{"href":"https:\/\/agromt.news\/index.php?rest_route=\/wp\/v2\/posts\/18743"}],"collection":[{"href":"https:\/\/agromt.news\/index.php?rest_route=\/wp\/v2\/posts"}],"about":[{"href":"https:\/\/agromt.news\/index.php?rest_route=\/wp\/v2\/types\/post"}],"author":[{"embeddable":true,"href":"https:\/\/agromt.news\/index.php?rest_route=\/wp\/v2\/users\/1"}],"replies":[{"embeddable":true,"href":"https:\/\/agromt.news\/index.php?rest_route=%2Fwp%2Fv2%2Fcomments&post=18743"}],"version-history":[{"count":0,"href":"https:\/\/agromt.news\/index.php?rest_route=\/wp\/v2\/posts\/18743\/revisions"}],"wp:featuredmedia":[{"embeddable":true,"href":"https:\/\/agromt.news\/index.php?rest_route=\/wp\/v2\/media\/13920"}],"wp:attachment":[{"href":"https:\/\/agromt.news\/index.php?rest_route=%2Fwp%2Fv2%2Fmedia&parent=18743"}],"wp:term":[{"taxonomy":"category","embeddable":true,"href":"https:\/\/agromt.news\/index.php?rest_route=%2Fwp%2Fv2%2Fcategories&post=18743"},{"taxonomy":"post_tag","embeddable":true,"href":"https:\/\/agromt.news\/index.php?rest_route=%2Fwp%2Fv2%2Ftags&post=18743"}],"curies":[{"name":"wp","href":"https:\/\/api.w.org\/{rel}","templated":true}]}}