{"id":18742,"date":"2025-08-18T11:07:42","date_gmt":"2025-08-18T15:07:42","guid":{"rendered":"https:\/\/agromt.news\/?p=18742"},"modified":"2025-08-18T11:07:42","modified_gmt":"2025-08-18T15:07:42","slug":"milho-producao-recorde-limita-cotacoes-internas","status":"publish","type":"post","link":"https:\/\/agromt.news\/?p=18742","title":{"rendered":"Milho: produ\u00e7\u00e3o recorde limita cota\u00e7\u00f5es internas"},"content":{"rendered":"<p> <br \/>\n<br \/><img decoding=\"async\" src=\"https:\/\/agromt.news\/wp-content\/uploads\/2025\/04\/Safra-de-verao-de-milho-no-PR-tem-bom-resultado.jpg\" \/><\/p>\n<div>\n<p>Os pre\u00e7os do milho seguiram em queda na \u00faltima semana. \u00c9 o que apontam os levantamentos do <a href=\"https:\/\/www.canalrural.com.br\/tag\/cepea\/\">Centro de Estudos Avan\u00e7ados em Economia Aplicada (Cepea).\u00a0<\/a><\/p>\n<p>Segundo o instituto, al\u00e9m da press\u00e3o externa, refletindo estimativas de produ\u00e7\u00e3o global recorde, com destaques para os Estados Unidos e Brasil, a postura retra\u00edda de compradores tamb\u00e9m influenciou as baixas dom\u00e9sticas.\u00a0<\/p>\n<p>Esses demandantes apostam em desvaloriza\u00e7\u00f5es mais expressivas. Os fundamentos para tal perspectiva s\u00e3o o avan\u00e7o da colheita, as dificuldades de armazenamento da safra recorde e a necessidade de venda para o pagamento das d\u00edvidas de agosto e setembro.\u00a0<\/p>\n<\/div>\n<div>\n<p>O USDA estima a safra norte-americana de milho 2025\/26 em volume recorde, de 425,25 milh\u00f5es de toneladas. Para o Brasil, est\u00e3o previstas 131 milh\u00f5es de toneladas.<\/p>\n<p>No agregado, a produ\u00e7\u00e3o mundial ser\u00e1 de 1,28 bilh\u00e3o de toneladas, acima das 1,22 bilh\u00e3o de toneladas da temporada 2024\/25. Especificamente para o Brasil, a Conab apontou nessa quinta-feira, 14, que, em 2024\/25, ser\u00e3o produzidas 137 milh\u00f5es de toneladas, 18% superior \u00e0 temporada 2023\/24 e tamb\u00e9m um recorde.<\/p>\n<p><em>*Sob supervis\u00e3o de Luis Roberto Toledo<\/em><\/p>\n<\/p><\/div>\n<p><br \/>\n<br \/><a href=\"https:\/\/www.canalrural.com.br\/agricultura\/milho-producao-recorde-limita-cotacoes-internas\/\">Source link <\/a><\/p>\n","protected":false},"excerpt":{"rendered":"<p>Os pre\u00e7os do milho seguiram em queda na \u00faltima semana. \u00c9 o que apontam os levantamentos do Centro de Estudos<\/p>\n","protected":false},"author":1,"featured_media":12723,"comment_status":"open","ping_status":"open","sticky":false,"template":"","format":"standard","meta":{"_monsterinsights_skip_tracking":false,"_monsterinsights_sitenote_active":false,"_monsterinsights_sitenote_note":"","_monsterinsights_sitenote_category":0,"_uf_show_specific_survey":0,"_uf_disable_surveys":false,"footnotes":""},"categories":[1],"tags":[],"class_list":["post-18742","post","type-post","status-publish","format-standard","has-post-thumbnail","hentry","category-news"],"_links":{"self":[{"href":"https:\/\/agromt.news\/index.php?rest_route=\/wp\/v2\/posts\/18742"}],"collection":[{"href":"https:\/\/agromt.news\/index.php?rest_route=\/wp\/v2\/posts"}],"about":[{"href":"https:\/\/agromt.news\/index.php?rest_route=\/wp\/v2\/types\/post"}],"author":[{"embeddable":true,"href":"https:\/\/agromt.news\/index.php?rest_route=\/wp\/v2\/users\/1"}],"replies":[{"embeddable":true,"href":"https:\/\/agromt.news\/index.php?rest_route=%2Fwp%2Fv2%2Fcomments&post=18742"}],"version-history":[{"count":0,"href":"https:\/\/agromt.news\/index.php?rest_route=\/wp\/v2\/posts\/18742\/revisions"}],"wp:featuredmedia":[{"embeddable":true,"href":"https:\/\/agromt.news\/index.php?rest_route=\/wp\/v2\/media\/12723"}],"wp:attachment":[{"href":"https:\/\/agromt.news\/index.php?rest_route=%2Fwp%2Fv2%2Fmedia&parent=18742"}],"wp:term":[{"taxonomy":"category","embeddable":true,"href":"https:\/\/agromt.news\/index.php?rest_route=%2Fwp%2Fv2%2Fcategories&post=18742"},{"taxonomy":"post_tag","embeddable":true,"href":"https:\/\/agromt.news\/index.php?rest_route=%2Fwp%2Fv2%2Ftags&post=18742"}],"curies":[{"name":"wp","href":"https:\/\/api.w.org\/{rel}","templated":true}]}}