{"id":18737,"date":"2025-08-18T10:35:30","date_gmt":"2025-08-18T14:35:30","guid":{"rendered":"https:\/\/agromt.news\/?p=18737"},"modified":"2025-08-18T10:35:30","modified_gmt":"2025-08-18T14:35:30","slug":"decio-lima-destaca-resiliencia-do-brasil-diante-do-tarifaco","status":"publish","type":"post","link":"https:\/\/agromt.news\/?p=18737","title":{"rendered":"D\u00e9cio Lima destaca resili\u00eancia do Brasil diante do tarifa\u00e7o"},"content":{"rendered":"<p> <br \/>\n<br \/><img decoding=\"async\" src=\"https:\/\/agromt.news\/wp-content\/uploads\/2025\/08\/Decio-Lima-destaca-resiliencia-do-Brasil-diante-do-tarifaco.jpg\" \/><\/p>\n<div>\n<p>O presidente do <a href=\"https:\/\/sebrae.com.br\/sites\/PortalSebrae\">Sebrae,<\/a> D\u00e9cio Lima, ressaltou a import\u00e2ncia da resili\u00eancia do Brasil diante das adversidades econ\u00f4micas e pol\u00edticas que surgem no cen\u00e1rio atual. Em entrevista, ele destacou que o pa\u00eds n\u00e3o deve se deixar intimidar pelo chamado<a href=\"https:\/\/www.canalrural.com.br\/agricultura\/brasil-busca-dialogo-mas-nao-negociara-soberania-afirma-favaro\/\"> tarifa\u00e7o<\/a>, refor\u00e7ando a confian\u00e7a no potencial nacional.<\/p>\n<p>\u201cOlha, eu sou um otimista. Eu n\u00e3o posso imaginar que o povo brasileiro pense pequeno, num momento evidente de adversidades. O Brasil n\u00e3o \u00e9 uma coloniazinha, o Brasil n\u00e3o \u00e9 um pa\u00eds de terceiro mundo, o Brasil \u00e9 uma express\u00e3o gigante da economia que alcan\u00e7a, inclusive, at\u00e9 o final do ano, sermos o oitavo, provavelmente, PIB do mundo\u201d, afirmou D\u00e9cio Lima.<\/p>\n<p>De acordo com o presidente do Sebrae, a economia brasileira tem condi\u00e7\u00f5es s\u00f3lidas para enfrentar press\u00f5es externas e manter seu ritmo de crescimento.<\/p>\n<p>\u201cPortanto, n\u00e3o ser\u00e3o amea\u00e7as dessa natureza, sem qualquer justificativa, inclusive, de mercado econ\u00f4mico, que vai assustar o Brasil. Eu acredito que o ministro F\u00e1varo tamb\u00e9m tem esse pensamento, junto com o presidente Lula, com o Geraldo Alckmin, que n\u00f3s vamos tranquilamente superar com a grandeza dos valores econ\u00f4micos e, principalmente, com a resili\u00eancia hist\u00f3rica do povo brasileiro.\u201d<\/p>\n<\/div>\n<div>\n<ul class=\"wp-block-list\">\n<li><em>Participe do Porteira Aberta Empreender: envie perguntas, sugest\u00f5es e conte sua hist\u00f3ria de empreendedorismo pelo <\/em><a href=\"https:\/\/api.whatsapp.com\/send?phone=5511932796720&amp;PorteiraAbertaEmpreender=SuaMensagem\"><strong>WhatsApp<\/strong><\/a><\/li>\n<\/ul>\n<p>D\u00e9cio Lima refor\u00e7ou ainda que a soberania nacional est\u00e1 diretamente ligada \u00e0 defesa dos interesses da popula\u00e7\u00e3o.<\/p>\n<p>\u201cN\u00f3s somos uma na\u00e7\u00e3o soberana e n\u00f3s vamos estar defendendo a p\u00e1tria, porque defender a p\u00e1tria \u00e9 defender o povo brasileiro\u201d, concluiu o presidente do Sebrae..<\/p>\n<\/p><\/div>\n<p><br \/>\n<br \/><a href=\"https:\/\/www.canalrural.com.br\/empreendedorismo\/decio-lima-destaca-resiliencia-do-brasil-diante-do-tarifaco\/\">Source link <\/a><\/p>\n","protected":false},"excerpt":{"rendered":"<p>O presidente do Sebrae, D\u00e9cio Lima, ressaltou a import\u00e2ncia da resili\u00eancia do Brasil diante das adversidades econ\u00f4micas e pol\u00edticas que<\/p>\n","protected":false},"author":1,"featured_media":18738,"comment_status":"open","ping_status":"open","sticky":false,"template":"","format":"standard","meta":{"_monsterinsights_skip_tracking":false,"_monsterinsights_sitenote_active":false,"_monsterinsights_sitenote_note":"","_monsterinsights_sitenote_category":0,"_uf_show_specific_survey":0,"_uf_disable_surveys":false,"footnotes":""},"categories":[1],"tags":[],"class_list":["post-18737","post","type-post","status-publish","format-standard","has-post-thumbnail","hentry","category-news"],"_links":{"self":[{"href":"https:\/\/agromt.news\/index.php?rest_route=\/wp\/v2\/posts\/18737"}],"collection":[{"href":"https:\/\/agromt.news\/index.php?rest_route=\/wp\/v2\/posts"}],"about":[{"href":"https:\/\/agromt.news\/index.php?rest_route=\/wp\/v2\/types\/post"}],"author":[{"embeddable":true,"href":"https:\/\/agromt.news\/index.php?rest_route=\/wp\/v2\/users\/1"}],"replies":[{"embeddable":true,"href":"https:\/\/agromt.news\/index.php?rest_route=%2Fwp%2Fv2%2Fcomments&post=18737"}],"version-history":[{"count":0,"href":"https:\/\/agromt.news\/index.php?rest_route=\/wp\/v2\/posts\/18737\/revisions"}],"wp:featuredmedia":[{"embeddable":true,"href":"https:\/\/agromt.news\/index.php?rest_route=\/wp\/v2\/media\/18738"}],"wp:attachment":[{"href":"https:\/\/agromt.news\/index.php?rest_route=%2Fwp%2Fv2%2Fmedia&parent=18737"}],"wp:term":[{"taxonomy":"category","embeddable":true,"href":"https:\/\/agromt.news\/index.php?rest_route=%2Fwp%2Fv2%2Fcategories&post=18737"},{"taxonomy":"post_tag","embeddable":true,"href":"https:\/\/agromt.news\/index.php?rest_route=%2Fwp%2Fv2%2Ftags&post=18737"}],"curies":[{"name":"wp","href":"https:\/\/api.w.org\/{rel}","templated":true}]}}