{"id":18735,"date":"2025-08-18T10:20:55","date_gmt":"2025-08-18T14:20:55","guid":{"rendered":"https:\/\/agromt.news\/?p=18735"},"modified":"2025-08-18T10:20:55","modified_gmt":"2025-08-18T14:20:55","slug":"fenasucro-encerra-com-expectativa-de-superar-r-10-bilhoes-em-negocios","status":"publish","type":"post","link":"https:\/\/agromt.news\/?p=18735","title":{"rendered":"Fenasucro encerra com expectativa de superar R$ 10 bilh\u00f5es em neg\u00f3cios"},"content":{"rendered":"<p> <br \/>\n<br \/><img decoding=\"async\" src=\"https:\/\/agromt.news\/wp-content\/uploads\/2025\/08\/Fenasucro-encerra-com-expectativa-de-superar-R-10-bilhoes-em.jpg\" \/><\/p>\n<div>\n<p>A 31\u00ba edi\u00e7\u00e3o da Fenasucro &amp; Agrocana chegou ao fim na sexta-feira (15) consolidando-se como um marco para o setor bioenerg\u00e9tico. A maior feira mundial da bioenergia superou as expectativas de p\u00fablico e de gera\u00e7\u00e3o de neg\u00f3cios, al\u00e9m de entregar mais de 100 horas de conte\u00fados com a participa\u00e7\u00e3o de especialistas, lideran\u00e7as e empresas de refer\u00eancia no setor.<\/p>\n<p>Realizado no Centro de Eventos Zanini, em Sert\u00e3ozinho (SP), o evento reuniu mais de 600 marcas expositoras e visitantes de mais de 60 pa\u00edses. Segundo Paulo Montabone, diretor da Fenasucro &amp; Agrocana, os resultados da edi\u00e7\u00e3o 2025 demonstram a for\u00e7a e a relev\u00e2ncia da feira para o setor de bioenergia no Brasil e no mundo.<\/p>\n<p><em>Veja em primeira m\u00e3o tudo sobre agricultura, pecu\u00e1ria, economia e previs\u00e3o do tempo:<\/em><a href=\"https:\/\/news.google.com\/publications\/CAAqBwgKMPKZlQswq_mqAw?hl=pt-BR&amp;gl=BR&amp;ceid=BR%3Apt-419\" target=\"_blank\" rel=\"noreferrer noopener\"><em>\u00a0siga o Canal Rural no Google News!<\/em><\/a><\/p>\n<p>\u201cA Fenasucro &amp; Agrocana registrou um p\u00fablico altamente qualificado, crescimento na visita\u00e7\u00e3o e um volume expressivo de inten\u00e7\u00f5es de compra. Com esses resultados, estamos confiantes de que vamos superar os R$ 10,7 bilh\u00f5es, refor\u00e7ando a feira como o principal ponto de encontro e gera\u00e7\u00e3o de neg\u00f3cios para o setor\u201d, afirmou Zanini.<\/p>\n<p>Rosana Amadeu, presidente do Centro Nacional das Ind\u00fastrias do Setor Sucroenerg\u00e9tico e Biocombust\u00edveis (Ceise Br), destacou que a FenaBio trouxe uma grade de conte\u00fados extremamente rica e estrat\u00e9gica, abordando tend\u00eancias, inova\u00e7\u00e3o e sustentabilidade. Esse novo espa\u00e7o tamb\u00e9m abre caminhos para diversificar e ampliar o perfil dos expositores.<\/p>\n<\/div>\n<div>\n<p>\u201cEstamos muito otimistas e j\u00e1 trabalhando para que a pr\u00f3xima edi\u00e7\u00e3o seja ainda mais representativa, fortalecendo o papel da ind\u00fastria de base na transi\u00e7\u00e3o energ\u00e9tica e no futuro da bioeconomia brasileira\u201d, disse Rosana.<\/p>\n<h2 class=\"wp-block-heading\" id=\"h-energia-renovavel\">Energia renov\u00e1vel<\/h2>\n<p>Novidade no evento, a FenaBio contou com marcas focadas em alternativas energ\u00e9ticas renov\u00e1veis e se firmou como palco de discuss\u00f5es estrat\u00e9gicas e apresenta\u00e7\u00e3o de solu\u00e7\u00f5es para a transi\u00e7\u00e3o energ\u00e9tica, mobilidade sustent\u00e1vel e descarboniza\u00e7\u00e3o.<\/p>\n<p>A programa\u00e7\u00e3o com curadoria de Adhemar Altieri, da Media Link Brasil, recebeu representantes de importantes players do setor e autoridades no assunto como Andr\u00e9 Nassar (Abiove), Henry Joseph Jr. (Anfavea), Newton Duarte (Cogen), Paulo Sousa (Cargill), o professor Marcos Fava Neto (Harven Agribusiness School) e os ex-ministros Roberto Rodrigues (FGV) e Joaquim Levy (Banco Safra).<\/p>\n<p>\u201cO n\u00edvel qualificado do p\u00fablico e a intensidade das conex\u00f5es feitas na FenaBio refor\u00e7am a<br \/>relev\u00e2ncia do evento para o setor. As discuss\u00f5es e conte\u00fados apresentados mostraram, de forma muito clara, que a bioenergia permanece no centro da agenda global\u201d, avaliou Daniel Pereira, gerente de produto da FenaBio.<\/p>\n<\/p><\/div>\n<p><br \/>\n<br \/><a href=\"https:\/\/www.canalrural.com.br\/agricultura\/cana\/fenasucro-encerra-com-expectativa-de-superar-r-10-bilhoes-em-negocios\/\">Source link <\/a><\/p>\n","protected":false},"excerpt":{"rendered":"<p>A 31\u00ba edi\u00e7\u00e3o da Fenasucro &amp; Agrocana chegou ao fim na sexta-feira (15) consolidando-se como um marco para o setor<\/p>\n","protected":false},"author":1,"featured_media":18736,"comment_status":"open","ping_status":"open","sticky":false,"template":"","format":"standard","meta":{"_monsterinsights_skip_tracking":false,"_monsterinsights_sitenote_active":false,"_monsterinsights_sitenote_note":"","_monsterinsights_sitenote_category":0,"_uf_show_specific_survey":0,"_uf_disable_surveys":false,"footnotes":""},"categories":[1],"tags":[],"class_list":["post-18735","post","type-post","status-publish","format-standard","has-post-thumbnail","hentry","category-news"],"_links":{"self":[{"href":"https:\/\/agromt.news\/index.php?rest_route=\/wp\/v2\/posts\/18735"}],"collection":[{"href":"https:\/\/agromt.news\/index.php?rest_route=\/wp\/v2\/posts"}],"about":[{"href":"https:\/\/agromt.news\/index.php?rest_route=\/wp\/v2\/types\/post"}],"author":[{"embeddable":true,"href":"https:\/\/agromt.news\/index.php?rest_route=\/wp\/v2\/users\/1"}],"replies":[{"embeddable":true,"href":"https:\/\/agromt.news\/index.php?rest_route=%2Fwp%2Fv2%2Fcomments&post=18735"}],"version-history":[{"count":0,"href":"https:\/\/agromt.news\/index.php?rest_route=\/wp\/v2\/posts\/18735\/revisions"}],"wp:featuredmedia":[{"embeddable":true,"href":"https:\/\/agromt.news\/index.php?rest_route=\/wp\/v2\/media\/18736"}],"wp:attachment":[{"href":"https:\/\/agromt.news\/index.php?rest_route=%2Fwp%2Fv2%2Fmedia&parent=18735"}],"wp:term":[{"taxonomy":"category","embeddable":true,"href":"https:\/\/agromt.news\/index.php?rest_route=%2Fwp%2Fv2%2Fcategories&post=18735"},{"taxonomy":"post_tag","embeddable":true,"href":"https:\/\/agromt.news\/index.php?rest_route=%2Fwp%2Fv2%2Ftags&post=18735"}],"curies":[{"name":"wp","href":"https:\/\/api.w.org\/{rel}","templated":true}]}}