{"id":18722,"date":"2025-08-17T17:00:47","date_gmt":"2025-08-17T21:00:47","guid":{"rendered":"https:\/\/agromt.news\/?p=18722"},"modified":"2025-08-17T17:00:47","modified_gmt":"2025-08-17T21:00:47","slug":"menor-galinha-do-mundo-e-conquista-criadores-no-brasil","status":"publish","type":"post","link":"https:\/\/agromt.news\/?p=18722","title":{"rendered":"Menor galinha do mundo e conquista criadores no Brasil"},"content":{"rendered":"<p> <br \/>\n<\/p>\n<div>\n<p>A <a href=\"https:\/\/interligados.canalrural.com.br\/avicultura\/\">galinha<\/a> Serama \u00e9 considerada a menor do mundo, cabendo literalmente na palma da m\u00e3o. Com apenas <strong>15 cent\u00edmetros de altura<\/strong> e cerca de <strong>400 gramas<\/strong>, essa ave chama aten\u00e7\u00e3o pelo porte compacto e apar\u00eancia diferente. Apesar do tamanho, ela se destaca pelo alto valor de mercado e pelo carinho que desperta entre os criadores.<\/p>\n<p>Origin\u00e1ria da Mal\u00e1sia, a Serama surgiu na d\u00e9cada de 1970 a partir do cruzamento entre a ra\u00e7a Malaia Bantam e a japonesa Chabo. Sua chegada ao Brasil ocorreu somente em 2014, mas desde ent\u00e3o o interesse cresceu rapidamente. Hoje, <a href=\"https:\/\/interligados.canalrural.com.br\/avicultura\/\">aves<\/a> dessa ra\u00e7a podem custar entre R$ 1.000 e R$ 3.500, dependendo da linhagem e das caracter\u00edsticas gen\u00e9ticas.<\/p>\n<h2 class=\"wp-block-heading\" id=\"h-ovos-valiosos-para-novos-criadores\"><strong>Ovos valiosos para novos criadores<\/strong><\/h2>\n<p>Os <a href=\"https:\/\/interligados.canalrural.com.br\/ovos\/\">ovos<\/a> da Serama tamb\u00e9m impressionam no pre\u00e7o. Uma d\u00fazia de ovos fecundados pode chegar a R$ 3.000, valor voltado a quem deseja iniciar uma cria\u00e7\u00e3o e n\u00e3o para consumo. Por serem aves pequenas e ornamentais, sua produ\u00e7\u00e3o de ovos \u00e9 reduzida, o que contribui para a valoriza\u00e7\u00e3o.<\/p>\n<p>Al\u00e9m do apelo econ\u00f4mico, o interesse pela Serama est\u00e1 ligado ao perfil de cria\u00e7\u00e3o. Muitas vezes tratada como animal de estima\u00e7\u00e3o, essa galinha \u00e9 d\u00f3cil, adapt\u00e1vel a pequenos espa\u00e7os e pode viver em ambientes urbanos, desde que receba os cuidados necess\u00e1rios.<\/p>\n<\/div>\n<div>\n<figure class=\"wp-block-image size-large\"><img fetchpriority=\"high\" decoding=\"async\" width=\"1024\" height=\"576\" alt=\"\" class=\"wp-image-4117327\"  data-lazy- src=\"https:\/\/agromt.news\/wp-content\/uploads\/2025\/08\/Menor-galinha-do-mundo-e-conquista-criadores-no-Brasil.jpg\"\/><img decoding=\"async\" width=\"1024\" height=\"576\" src=\"https:\/\/agromt.news\/wp-content\/uploads\/2025\/08\/Menor-galinha-do-mundo-e-conquista-criadores-no-Brasil.jpg\" alt=\"\" class=\"wp-image-4117327\"  \/><figcaption class=\"wp-element-caption\">Imagens da internet | Galinha Serama \u2013 menor galinha do mundo<\/figcaption><\/figure>\n<p>A cria\u00e7\u00e3o de Seramas no Brasil vem ganhando espa\u00e7o, especialmente entre pequenos criadores e colecionadores de ra\u00e7as ex\u00f3ticas. Para muitos apaixonados por avicultura ornamental, ela representa o equil\u00edbrio entre delicadeza, raridade e potencial de investimento.<\/p>\n<p><strong>Fa\u00e7a parte da nossa\u00a0<a href=\"https:\/\/chat.whatsapp.com\/KHdVAB6MSXAJBTe0S657Ip\" target=\"_blank\" rel=\"noreferrer noopener\">comunidade no WhatsApp<\/a>!<br \/><\/strong>Entre no grupo do <a href=\"https:\/\/interligados.canalrural.com.br\/\">Interligados<\/a> e fique por dentro de not\u00edcias, dicas t\u00e9cnicas e novidades das cadeias de aves e su\u00ednos, al\u00e9m de acompanhar o dia a dia no campo. \u00c9 r\u00e1pido, f\u00e1cil e cheio de conte\u00fados especiais! \ud83e\udde1<br \/>\ud83d\udd17<a href=\"https:\/\/chat.whatsapp.com\/KHdVAB6MSXAJBTe0S657Ip\" target=\"_blank\" rel=\"noreferrer noopener\">\u00a0Clique aqui e junte-se a n\u00f3s<\/a>.<\/p>\n<\/p><\/div>\n<p><br \/>\n<br \/><a href=\"https:\/\/www.canalrural.com.br\/aves-e-suinos\/menor-galinha-do-mundo-e-conquista-criadores-no-brasil\/\">Source link <\/a><\/p>\n","protected":false},"excerpt":{"rendered":"<p>A galinha Serama \u00e9 considerada a menor do mundo, cabendo literalmente na palma da m\u00e3o. Com apenas 15 cent\u00edmetros de<\/p>\n","protected":false},"author":1,"featured_media":18723,"comment_status":"open","ping_status":"open","sticky":false,"template":"","format":"standard","meta":{"_monsterinsights_skip_tracking":false,"_monsterinsights_sitenote_active":false,"_monsterinsights_sitenote_note":"","_monsterinsights_sitenote_category":0,"_uf_show_specific_survey":0,"_uf_disable_surveys":false,"footnotes":""},"categories":[1],"tags":[],"class_list":["post-18722","post","type-post","status-publish","format-standard","has-post-thumbnail","hentry","category-news"],"_links":{"self":[{"href":"https:\/\/agromt.news\/index.php?rest_route=\/wp\/v2\/posts\/18722"}],"collection":[{"href":"https:\/\/agromt.news\/index.php?rest_route=\/wp\/v2\/posts"}],"about":[{"href":"https:\/\/agromt.news\/index.php?rest_route=\/wp\/v2\/types\/post"}],"author":[{"embeddable":true,"href":"https:\/\/agromt.news\/index.php?rest_route=\/wp\/v2\/users\/1"}],"replies":[{"embeddable":true,"href":"https:\/\/agromt.news\/index.php?rest_route=%2Fwp%2Fv2%2Fcomments&post=18722"}],"version-history":[{"count":0,"href":"https:\/\/agromt.news\/index.php?rest_route=\/wp\/v2\/posts\/18722\/revisions"}],"wp:featuredmedia":[{"embeddable":true,"href":"https:\/\/agromt.news\/index.php?rest_route=\/wp\/v2\/media\/18723"}],"wp:attachment":[{"href":"https:\/\/agromt.news\/index.php?rest_route=%2Fwp%2Fv2%2Fmedia&parent=18722"}],"wp:term":[{"taxonomy":"category","embeddable":true,"href":"https:\/\/agromt.news\/index.php?rest_route=%2Fwp%2Fv2%2Fcategories&post=18722"},{"taxonomy":"post_tag","embeddable":true,"href":"https:\/\/agromt.news\/index.php?rest_route=%2Fwp%2Fv2%2Ftags&post=18722"}],"curies":[{"name":"wp","href":"https:\/\/api.w.org\/{rel}","templated":true}]}}