{"id":18715,"date":"2025-08-17T13:34:06","date_gmt":"2025-08-17T17:34:06","guid":{"rendered":"https:\/\/agromt.news\/?p=18715"},"modified":"2025-08-17T13:34:06","modified_gmt":"2025-08-17T17:34:06","slug":"pastagens-mostram-recuperacao-parcial","status":"publish","type":"post","link":"https:\/\/agromt.news\/?p=18715","title":{"rendered":"Pastagens mostram recupera\u00e7\u00e3o parcial"},"content":{"rendered":"<p> <br \/>\n<\/p>\n<div>\n<p style=\"text-align:justify\">O Informativo Conjuntural divulgado nesta quinta-feira (14) pela Emater\/RS-Ascar indica que as <a href=\"https:\/\/www.agrolink.com.br\/culturas\/pastagens?utm_source=agrolink-detalhe-noticia&amp;utm_medium=detalhe-noticia&amp;utm_campaign=links-internos\" target=\"_blank\" rel=\"noopener\">pastagens<\/a> cultivadas no Rio Grande do Sul apresentaram resposta fisiol\u00f3gica positiva nas \u00e1reas com lota\u00e7\u00e3o adequada, especialmente onde houve aplica\u00e7\u00e3o de fertilizantes nitrogenados e org\u00e2nicos. \u201cOs campos nativos ainda enfrentam limita\u00e7\u00f5es, mas em algumas regi\u00f5es j\u00e1 iniciaram a rebrota\u201d, informou o boletim.&#13;\n<\/p>\n<p style=\"text-align:justify\">Apesar da varia\u00e7\u00e3o clim\u00e1tica, houve recupera\u00e7\u00e3o em \u00e1reas mais drenadas, e as pastagens de inverno retomaram o desenvolvimento, sobretudo as implantadas de forma mais tardia. Segue tamb\u00e9m o preparo de \u00e1reas para semeadura de <a href=\"https:\/\/www.agrolink.com.br\/culturas\/milho?utm_source=agrolink-detalhe-noticia&amp;utm_medium=detalhe-noticia&amp;utm_campaign=links-internos&#9;\" target=\"_blank\" rel=\"noopener\">milho<\/a> para silagem e de forrageiras anuais de ver\u00e3o.<\/p>\n<p style=\"text-align:justify\">Na regi\u00e3o de Bag\u00e9, as pastagens de inverno tiveram leve recupera\u00e7\u00e3o, mas em \u00e1reas de aveia e azev\u00e9m o potencial produtivo esperado n\u00e3o foi alcan\u00e7ado. Em Quara\u00ed, a umidade favoreceu a incid\u00eancia de fungos. Em Hulha Negra, pastagens com trevo apresentaram condi\u00e7\u00f5es adequadas para pastejo e corte, com previs\u00e3o de fena\u00e7\u00e3o em setembro. Em Santa Margarida do Sul, \u00e1reas foram arrendadas para engorda de animais, como alternativa de renda.<\/p>\n<p style=\"text-align:justify\">Em Caxias do Sul, o frio e a chuva limitaram os manejos e os pastejos, que ocorreram de forma restrita para evitar danos \u00e0s plantas e ao solo.<\/p>\n<p style=\"text-align:justify\">Em Frederico Westphalen, o clima aliado \u00e0s aduba\u00e7\u00f5es nitrogenadas favoreceu a rebrota, a melhoria da qualidade nutricional e o aumento da oferta de forragem. Na regi\u00e3o de Iju\u00ed, as pastagens de <a href=\"https:\/\/www.agrolink.com.br\/culturas\/aveia?utm_source=agrolink-detalhe-noticia&amp;utm_medium=detalhe-noticia&amp;utm_campaign=links-internos\" target=\"_blank\" rel=\"noopener\">aveia<\/a>-preta e aveia-branca est\u00e3o em flora\u00e7\u00e3o, enquanto <a href=\"https:\/\/www.agrolink.com.br\/culturas\/trigo\/?utm_source=agrolink-detalhe-noticia&amp;utm_medium=detalhe-noticia&amp;utm_campaign=links-internos\" target=\"_blank\" rel=\"noopener\">trigo<\/a> de pastoreio e azev\u00e9m permanecem em fase vegetativa com boa qualidade nutricional.&#13;\n<\/p>\n<p style=\"text-align:justify\">J\u00e1 em Passo Fundo, fatores edafoclim\u00e1ticos limitaram o crescimento vegetal, exigindo ajustes de lota\u00e7\u00e3o e interrup\u00e7\u00e3o das aduba\u00e7\u00f5es.<\/p>\n<p style=\"text-align:justify\">Em Pelotas, as condi\u00e7\u00f5es variaram: enquanto munic\u00edpios como Arroio Grande, Cangu\u00e7u e S\u00e3o Jos\u00e9 do Norte registraram bom desenvolvimento das pastagens de inverno, em localidades como Cap\u00e3o do Le\u00e3o, Piratini e Rio Grande o frio, as geadas e a baixa radia\u00e7\u00e3o solar prejudicaram o crescimento.<\/p>\n<p style=\"text-align:justify\">Na regi\u00e3o de Santa Maria, a alta umidade e o excesso de lota\u00e7\u00e3o comprometeram o desenvolvimento das pastagens e atrasaram o crescimento do azev\u00e9m. Em J\u00falio de Castilhos, lavouras de triticale para silagem tiveram bom desempenho, reduzindo custos com alimenta\u00e7\u00e3o suplementar.<\/p>\n<p style=\"text-align:justify\">Na regi\u00e3o de Santa Rosa, as pastagens se recuperaram e apresentam menor risco de arranquio. Em Erechim e Soledade, o frio e a umidade prejudicaram o rebrote de aveia e azev\u00e9m, mas os pastejos continuaram, mesmo com menor oferta. A aveia comum, de modo geral, est\u00e1 em fase avan\u00e7ada de crescimento e perde qualidade.&#13;\n<\/p>\n<\/p><\/div>\n<p><script data-cfasync=\"false\">\n    !function (f, b, e, v, n, t, s) {\n        if (f.fbq) return; n = f.fbq = function () {\n            n.callMethod ?\n                n.callMethod.apply(n, arguments) : n.queue.push(arguments)\n        };\n        if (!f._fbq) f._fbq = n; n.push = n; n.loaded = !0; n.version = '2.0';\n        n.queue = []; t = b.createElement(e); t.async = !0;\n        t.src = v; s = b.getElementsByTagName(e)[0];\n        s.parentNode.insertBefore(t, s)\n    }(window, document, 'script',\n        'https:\/\/connect.facebook.net\/en_US\/fbevents.js');\n    fbq('init', '522546078623747');\n    fbq('track', 'PageView');\n<\/script><br \/>\n<br \/><br \/>\n<br \/><a href=\"https:\/\/www.agrolink.com.br\/noticias\/pastagens-mostram-recuperacao-parcial_504987.html\">Source link <\/a><\/p>\n","protected":false},"excerpt":{"rendered":"<p>O Informativo Conjuntural divulgado nesta quinta-feira (14) pela Emater\/RS-Ascar indica que as pastagens cultivadas no Rio Grande do Sul apresentaram<\/p>\n","protected":false},"author":1,"featured_media":4690,"comment_status":"open","ping_status":"open","sticky":false,"template":"","format":"standard","meta":{"_monsterinsights_skip_tracking":false,"_monsterinsights_sitenote_active":false,"_monsterinsights_sitenote_note":"","_monsterinsights_sitenote_category":0,"_uf_show_specific_survey":0,"_uf_disable_surveys":false,"footnotes":""},"categories":[8,1,14],"tags":[],"class_list":["post-18715","post","type-post","status-publish","format-standard","has-post-thumbnail","hentry","category-agro","category-news","category-politica-agro"],"_links":{"self":[{"href":"https:\/\/agromt.news\/index.php?rest_route=\/wp\/v2\/posts\/18715"}],"collection":[{"href":"https:\/\/agromt.news\/index.php?rest_route=\/wp\/v2\/posts"}],"about":[{"href":"https:\/\/agromt.news\/index.php?rest_route=\/wp\/v2\/types\/post"}],"author":[{"embeddable":true,"href":"https:\/\/agromt.news\/index.php?rest_route=\/wp\/v2\/users\/1"}],"replies":[{"embeddable":true,"href":"https:\/\/agromt.news\/index.php?rest_route=%2Fwp%2Fv2%2Fcomments&post=18715"}],"version-history":[{"count":0,"href":"https:\/\/agromt.news\/index.php?rest_route=\/wp\/v2\/posts\/18715\/revisions"}],"wp:featuredmedia":[{"embeddable":true,"href":"https:\/\/agromt.news\/index.php?rest_route=\/wp\/v2\/media\/4690"}],"wp:attachment":[{"href":"https:\/\/agromt.news\/index.php?rest_route=%2Fwp%2Fv2%2Fmedia&parent=18715"}],"wp:term":[{"taxonomy":"category","embeddable":true,"href":"https:\/\/agromt.news\/index.php?rest_route=%2Fwp%2Fv2%2Fcategories&post=18715"},{"taxonomy":"post_tag","embeddable":true,"href":"https:\/\/agromt.news\/index.php?rest_route=%2Fwp%2Fv2%2Ftags&post=18715"}],"curies":[{"name":"wp","href":"https:\/\/api.w.org\/{rel}","templated":true}]}}